{"id":72419,"date":"2019-03-05T10:37:45","date_gmt":"2019-03-05T09:37:45","guid":{"rendered":"https:\/\/zjarr.tv\/?p=72419"},"modified":"2019-03-05T10:37:45","modified_gmt":"2019-03-05T09:37:45","slug":"protesta-demostruesit-para-kuvendit-me-flamurin-e-shba","status":"publish","type":"post","link":"https:\/\/zjarr.tv\/sq\/protesta-demostruesit-para-kuvendit-me-flamurin-e-shba\/","title":{"rendered":"Protesta, demostruesit para Kuvendit me flamurin e SHBA"},"content":{"rendered":"<p>Ka nisur protesta e opozit\u00ebs para Kuvendit paralelisht me seanc\u00ebn plenare ku pritet t\u00eb votohet p\u00ebr deputet\u00ebt m\u00eb t\u00eb rinj t\u00eb opozit\u00ebs. Edhe pse n\u00eb nisje protestuesit jan\u00eb mbledhur para Kuvendit dhe ajo q\u00eb bie n\u00eb sy \u00ebsht\u00eb mungesa e flamujve partiak\u00eb. N\u00eb vend t\u00eb k\u00ebtyre simboleve protestuesit kan\u00eb zgjedhur t\u00eb mbajn\u00eb simbolet komb\u00ebtare dhe flamurin e Shteteve t\u00eb Bashkuara t\u00eb Amerik\u00ebs.<\/p>\n<p>M\u00eb her\u00ebt krer\u00ebt e opozit\u00ebs e kan\u00eb cil\u00ebsuar protest\u00ebn e 5 marsit nj\u00eb protest\u00eb komb\u00ebtare t\u00eb shqiptareve kund\u00ebr qeveris\u00eb s\u00eb krimit, duke e zhveshur n\u00eb k\u00ebt\u00eb m\u00ebnyr\u00eb nga \u00e7do synim partiak.<\/p>\n<div id=\"sticky-video--placeholder\"><\/div>\n","protected":false},"excerpt":{"rendered":"<p>Ka nisur protesta e opozit\u00ebs para Kuvendit paralelisht me seanc\u00ebn plenare ku pritet t\u00eb votohet p\u00ebr deputet\u00ebt m\u00eb t\u00eb rinj t\u00eb opozit\u00ebs. Edhe pse n\u00eb nisje protestuesit jan\u00eb mbledhur para Kuvendit dhe ajo q\u00eb bie n\u00eb sy \u00ebsht\u00eb mungesa e flamujve partiak\u00eb. N\u00eb vend t\u00eb k\u00ebtyre simboleve protestuesit kan\u00eb zgjedhur t\u00eb mbajn\u00eb simbolet komb\u00ebtare dhe [&hellip;]<\/p>\n","protected":false},"author":4,"featured_media":72420,"comment_status":"open","ping_status":"closed","sticky":false,"template":"","format":"standard","meta":{"footnotes":""},"categories":[241,231,235],"tags":[],"class_list":{"0":"post-72419","1":"post","2":"type-post","3":"status-publish","4":"format-standard","5":"has-post-thumbnail","7":"category-aktualitet","8":"category-lajme","9":"category-vendi"},"_links":{"self":[{"href":"https:\/\/zjarr.tv\/sq\/wp-json\/wp\/v2\/posts\/72419","targetHints":{"allow":["GET"]}}],"collection":[{"href":"https:\/\/zjarr.tv\/sq\/wp-json\/wp\/v2\/posts"}],"about":[{"href":"https:\/\/zjarr.tv\/sq\/wp-json\/wp\/v2\/types\/post"}],"author":[{"embeddable":true,"href":"https:\/\/zjarr.tv\/sq\/wp-json\/wp\/v2\/users\/4"}],"replies":[{"embeddable":true,"href":"https:\/\/zjarr.tv\/sq\/wp-json\/wp\/v2\/comments?post=72419"}],"version-history":[{"count":0,"href":"https:\/\/zjarr.tv\/sq\/wp-json\/wp\/v2\/posts\/72419\/revisions"}],"wp:featuredmedia":[{"embeddable":true,"href":"https:\/\/zjarr.tv\/sq\/wp-json\/wp\/v2\/media\/72420"}],"wp:attachment":[{"href":"https:\/\/zjarr.tv\/sq\/wp-json\/wp\/v2\/media?parent=72419"}],"wp:term":[{"taxonomy":"category","embeddable":true,"href":"https:\/\/zjarr.tv\/sq\/wp-json\/wp\/v2\/categories?post=72419"},{"taxonomy":"post_tag","embeddable":true,"href":"https:\/\/zjarr.tv\/sq\/wp-json\/wp\/v2\/tags?post=72419"}],"curies":[{"name":"wp","href":"https:\/\/api.w.org\/{rel}","templated":true}]}}