{"id":72425,"date":"2019-03-05T10:53:45","date_gmt":"2019-03-05T09:53:45","guid":{"rendered":"https:\/\/zjarr.tv\/?p=72425"},"modified":"2019-03-05T10:53:45","modified_gmt":"2019-03-05T09:53:45","slug":"protesta-mesazh-te-forte-ministrit-zoti-lleshaj-burrat-malesore-nuk-e-kane-pasur-zakon-tu-sherbejne-horrave","status":"publish","type":"post","link":"https:\/\/zjarr.tv\/sq\/protesta-mesazh-te-forte-ministrit-zoti-lleshaj-burrat-malesore-nuk-e-kane-pasur-zakon-tu-sherbejne-horrave\/","title":{"rendered":"Protesta, mesazh t\u00eb fort\u00eb ministrit: Zoti Lleshaj, burrat mal\u00ebsor\u00eb nuk e kan\u00eb pasur zakon t&#8217;u sh\u00ebrbejn\u00eb horrave!"},"content":{"rendered":"<p style=\"line-height: 16.5pt;background: white;vertical-align: baseline;margin: 0in 0in 12.0pt 0in\"><span style=\"color: black\">Nj\u00eb mesazh i \u00ebsht\u00eb drejtuar ministrit t\u00eb Brendsh\u00ebm Sand\u00ebr Lleshaj nga protesta q\u00eb po zhvillohet p\u00ebrpara Kuvendit t\u00eb Shqip\u00ebris\u00eb. Mesazhi \u00ebsht\u00eb d\u00ebrguar nga nj\u00eb kandidate e list\u00ebs s\u00eb PD-s\u00eb, e cila e ka refuzuar marrjen e mandatit t\u00eb dor\u00ebzuar nga opozita.<\/span><\/p>\n<p style=\"line-height: 16.5pt;background: white;vertical-align: baseline;text-align: start;margin: 0in 0in 12.0pt 0in\"><span style=\"color: black\">\u201cSot \u00ebsht\u00eb dita jon\u00eb, &#8211; tha zonja. &#8211; \u00a0Asnj\u00eb hap pas! Kam nj\u00eb porosi p\u00ebr zotin Lleshaj: ne verior\u00ebt, burrat e mirdit\u00ebs dhe burrat mal\u00ebsor\u00eb, nuk e kan\u00eb pasur zakon t\u2019u sh\u00ebrbejn\u00eb horrave t\u00eb monizmit!<\/span><\/p>\n","protected":false},"excerpt":{"rendered":"<p>Nj\u00eb mesazh i \u00ebsht\u00eb drejtuar ministrit t\u00eb Brendsh\u00ebm Sand\u00ebr Lleshaj nga protesta q\u00eb po zhvillohet p\u00ebrpara Kuvendit t\u00eb Shqip\u00ebris\u00eb. Mesazhi \u00ebsht\u00eb d\u00ebrguar nga nj\u00eb kandidate e list\u00ebs s\u00eb PD-s\u00eb, e cila e ka refuzuar marrjen e mandatit t\u00eb dor\u00ebzuar nga opozita. \u201cSot \u00ebsht\u00eb dita jon\u00eb, &#8211; tha zonja. &#8211; \u00a0Asnj\u00eb hap pas! Kam nj\u00eb porosi [&hellip;]<\/p>\n","protected":false},"author":2020,"featured_media":72426,"comment_status":"open","ping_status":"closed","sticky":false,"template":"","format":"standard","meta":{"footnotes":""},"categories":[241,231,235],"tags":[],"class_list":{"0":"post-72425","1":"post","2":"type-post","3":"status-publish","4":"format-standard","5":"has-post-thumbnail","7":"category-aktualitet","8":"category-lajme","9":"category-vendi"},"_links":{"self":[{"href":"https:\/\/zjarr.tv\/sq\/wp-json\/wp\/v2\/posts\/72425","targetHints":{"allow":["GET"]}}],"collection":[{"href":"https:\/\/zjarr.tv\/sq\/wp-json\/wp\/v2\/posts"}],"about":[{"href":"https:\/\/zjarr.tv\/sq\/wp-json\/wp\/v2\/types\/post"}],"author":[{"embeddable":true,"href":"https:\/\/zjarr.tv\/sq\/wp-json\/wp\/v2\/users\/2020"}],"replies":[{"embeddable":true,"href":"https:\/\/zjarr.tv\/sq\/wp-json\/wp\/v2\/comments?post=72425"}],"version-history":[{"count":0,"href":"https:\/\/zjarr.tv\/sq\/wp-json\/wp\/v2\/posts\/72425\/revisions"}],"wp:featuredmedia":[{"embeddable":true,"href":"https:\/\/zjarr.tv\/sq\/wp-json\/wp\/v2\/media\/72426"}],"wp:attachment":[{"href":"https:\/\/zjarr.tv\/sq\/wp-json\/wp\/v2\/media?parent=72425"}],"wp:term":[{"taxonomy":"category","embeddable":true,"href":"https:\/\/zjarr.tv\/sq\/wp-json\/wp\/v2\/categories?post=72425"},{"taxonomy":"post_tag","embeddable":true,"href":"https:\/\/zjarr.tv\/sq\/wp-json\/wp\/v2\/tags?post=72425"}],"curies":[{"name":"wp","href":"https:\/\/api.w.org\/{rel}","templated":true}]}}