{"id":72430,"date":"2019-03-05T11:06:26","date_gmt":"2019-03-05T10:06:26","guid":{"rendered":"https:\/\/zjarr.tv\/?p=72430"},"modified":"2019-03-05T11:06:26","modified_gmt":"2019-03-05T10:06:26","slug":"i-paraprihet-demtimit-te-kamerave-shtyllat-lyhen-me-graso","status":"publish","type":"post","link":"https:\/\/zjarr.tv\/sq\/i-paraprihet-demtimit-te-kamerave-shtyllat-lyhen-me-graso\/","title":{"rendered":"I paraprihet d\u00ebmtimit t\u00eb kamerave, shtyllat lyhen me graso"},"content":{"rendered":"<p style=\"background: white;margin: 0in 0in 7.5pt 0in\"><span style=\"color: #333333\">T\u00eb gjitha shtyllat rreth Kuvendit t\u00eb Shqip\u00ebris\u00eb n\u00eb t\u00eb cilat jan\u00eb vendosur kamera me rezolucion t\u00eb lart\u00eb jan\u00eb lyer me graso p\u00ebr t\u00eb penguar protestuesit q\u00eb t\u00eb ngjiten n\u00eb to dhe ti thyejn\u00eb.<\/span><\/p>\n<p style=\"background: white;text-align: start;margin: 0in 0in 7.5pt 0in\"><span style=\"color: #333333\">Garda dhe policia gjithashtu kan\u00eb rrethuar me rrjeta teli dhe godin\u00ebn e kryeministris\u00eb, p\u00ebr ti paraprir\u00eb ndonj\u00eb zhvendosje t\u00eb mundshme, si\u00e7 ndodhi dhe gjat\u00eb protest\u00ebs, q\u00eb deputet e opozit\u00ebs dor\u00ebzuan mandatet.<\/span><\/p>\n","protected":false},"excerpt":{"rendered":"<p>T\u00eb gjitha shtyllat rreth Kuvendit t\u00eb Shqip\u00ebris\u00eb n\u00eb t\u00eb cilat jan\u00eb vendosur kamera me rezolucion t\u00eb lart\u00eb jan\u00eb lyer me graso p\u00ebr t\u00eb penguar protestuesit q\u00eb t\u00eb ngjiten n\u00eb to dhe ti thyejn\u00eb. Garda dhe policia gjithashtu kan\u00eb rrethuar me rrjeta teli dhe godin\u00ebn e kryeministris\u00eb, p\u00ebr ti paraprir\u00eb ndonj\u00eb zhvendosje t\u00eb mundshme, si\u00e7 ndodhi [&hellip;]<\/p>\n","protected":false},"author":2020,"featured_media":72431,"comment_status":"open","ping_status":"closed","sticky":false,"template":"","format":"standard","meta":{"footnotes":""},"categories":[241,231,235],"tags":[],"class_list":{"0":"post-72430","1":"post","2":"type-post","3":"status-publish","4":"format-standard","5":"has-post-thumbnail","7":"category-aktualitet","8":"category-lajme","9":"category-vendi"},"_links":{"self":[{"href":"https:\/\/zjarr.tv\/sq\/wp-json\/wp\/v2\/posts\/72430","targetHints":{"allow":["GET"]}}],"collection":[{"href":"https:\/\/zjarr.tv\/sq\/wp-json\/wp\/v2\/posts"}],"about":[{"href":"https:\/\/zjarr.tv\/sq\/wp-json\/wp\/v2\/types\/post"}],"author":[{"embeddable":true,"href":"https:\/\/zjarr.tv\/sq\/wp-json\/wp\/v2\/users\/2020"}],"replies":[{"embeddable":true,"href":"https:\/\/zjarr.tv\/sq\/wp-json\/wp\/v2\/comments?post=72430"}],"version-history":[{"count":0,"href":"https:\/\/zjarr.tv\/sq\/wp-json\/wp\/v2\/posts\/72430\/revisions"}],"wp:featuredmedia":[{"embeddable":true,"href":"https:\/\/zjarr.tv\/sq\/wp-json\/wp\/v2\/media\/72431"}],"wp:attachment":[{"href":"https:\/\/zjarr.tv\/sq\/wp-json\/wp\/v2\/media?parent=72430"}],"wp:term":[{"taxonomy":"category","embeddable":true,"href":"https:\/\/zjarr.tv\/sq\/wp-json\/wp\/v2\/categories?post=72430"},{"taxonomy":"post_tag","embeddable":true,"href":"https:\/\/zjarr.tv\/sq\/wp-json\/wp\/v2\/tags?post=72430"}],"curies":[{"name":"wp","href":"https:\/\/api.w.org\/{rel}","templated":true}]}}