{"id":72433,"date":"2019-03-05T11:17:42","date_gmt":"2019-03-05T10:17:42","guid":{"rendered":"https:\/\/zjarr.tv\/?p=72433"},"modified":"2019-03-05T11:17:42","modified_gmt":"2019-03-05T10:17:42","slug":"masakroi-nenen-e-tij-me-sende-te-forta-policia-zbardh-ngjarjen-e-rende","status":"publish","type":"post","link":"https:\/\/zjarr.tv\/sq\/masakroi-nenen-e-tij-me-sende-te-forta-policia-zbardh-ngjarjen-e-rende\/","title":{"rendered":"Masakroi n\u00ebn\u00ebn e tij me sende t\u00eb forta, policia zbardh ngjarjen e r\u00ebnd\u00eb"},"content":{"rendered":"<p style=\"line-height: 19.5pt;background: white;margin: 0in 0in 19.5pt 0in\"><span style=\"color: #222222\">Policia e Kor\u00e7\u00ebs ka zbardhur ngjarjen e ndodhur dje n\u00eb Kor\u00e7\u00eb ku 84-vje\u00e7arja Nazime Demollari gjeti vdekjen n\u00eb banes\u00ebn e saj.<\/span><\/p>\n<p style=\"line-height: 19.5pt;background: white;text-align: start;margin: 0in 0in 19.5pt 0in\"><span style=\"color: #222222\">Sipas t\u00eb dh\u00ebnave zyrtare gruaja e moshuar nuk \u00ebsht\u00eb mbytur por \u00ebsht\u00eb masakruar me sende t\u00eb forta nga djali i saj 64-vje\u00e7ar. Gruaja \u00ebsht\u00eb goditur disa her\u00eb me sende t\u00eb forta n\u00eb kok\u00eb dhe n\u00eb trup, goditje q\u00eb i kan\u00eb shkaktuar vdekjen e menj\u00ebhershme.<\/span><\/p>\n<p style=\"line-height: 19.5pt;background: white;text-align: start;margin: 0in 0in 19.5pt 0in\"><span style=\"color: #222222\">Policia ka v\u00ebn\u00eb n\u00eb pranga 64-vje\u00e7arin- Nazim Demollari me akuz\u00ebn p\u00ebr \u201cvrasje p\u00ebr shkak t\u00eb rrethanave familjare\u201d.<\/span><\/p>\n<p style=\"line-height: 19.5pt;background: white;text-align: start;margin: 0in 0in 19.5pt 0in\"><span style=\"color: #222222\">Ja njoftimi i plot\u00eb i policis\u00eb<\/span><\/p>\n<p style=\"line-height: 19.5pt;background: white;text-align: start;margin: 0in 0in 19.5pt 0in\"><span style=\"color: #222222\">Specialist\u00ebt e Seksionit p\u00ebr Krimet n\u00eb Komisariatin e Policis\u00eb Kor\u00e7\u00eb, n\u00eb bashk\u00ebpunim me Prokurorin\u00eb pran\u00eb Gjykat\u00ebs s\u00eb Shkall\u00ebs s\u00eb Par\u00eb Kor\u00e7\u00eb, n\u00eb vijim t\u00eb kryerjes s\u00eb veprimeve t\u00eb m\u00ebtejshme procedurale dhe hetimore p\u00ebr zbardhjen e plot\u00eb t\u00eb rrethanave t\u00eb k\u00ebsaj ngjarje, b\u00ebn\u00eb arrestimin n\u00eb flagranc\u00eb t\u00eb djalit t\u00eb saj, shtetasit N.D., 64 vje\u00e7, banues n\u00eb Kor\u00e7\u00eb.<\/span><\/p>\n<p style=\"line-height: 19.5pt;background: white;text-align: start;margin: 0in 0in 19.5pt 0in\"><span style=\"color: #222222\">Arrestimi i tij u b\u00eb pasi, n\u00eb banes\u00eb, ky shtetas dyshohet se ka god.itur me sende t\u00eb forta n\u00eb kok\u00eb dhe trup, n\u00ebn\u00ebn e tij N.D., 84 vje\u00e7e, e cila p\u00ebr pasoj\u00eb ka gjetur vde.kjen. Materialet i kaluan Prokurorin\u00eb pran\u00eb Gjykat\u00ebs s\u00eb Shkall\u00ebs s\u00eb Par\u00eb Kor\u00e7\u00eb p\u00ebr vepr\u00ebn penale \u201cVrasja p\u00ebr shkak t\u00eb marr\u00ebdh\u00ebnieve familjare\u201d.<\/span><\/p>\n","protected":false},"excerpt":{"rendered":"<p>Policia e Kor\u00e7\u00ebs ka zbardhur ngjarjen e ndodhur dje n\u00eb Kor\u00e7\u00eb ku 84-vje\u00e7arja Nazime Demollari gjeti vdekjen n\u00eb banes\u00ebn e saj. Sipas t\u00eb dh\u00ebnave zyrtare gruaja e moshuar nuk \u00ebsht\u00eb mbytur por \u00ebsht\u00eb masakruar me sende t\u00eb forta nga djali i saj 64-vje\u00e7ar. Gruaja \u00ebsht\u00eb goditur disa her\u00eb me sende t\u00eb forta n\u00eb kok\u00eb dhe [&hellip;]<\/p>\n","protected":false},"author":2020,"featured_media":69933,"comment_status":"open","ping_status":"closed","sticky":false,"template":"","format":"standard","meta":{"footnotes":""},"categories":[241,231,235],"tags":[],"class_list":{"0":"post-72433","1":"post","2":"type-post","3":"status-publish","4":"format-standard","5":"has-post-thumbnail","7":"category-aktualitet","8":"category-lajme","9":"category-vendi"},"_links":{"self":[{"href":"https:\/\/zjarr.tv\/sq\/wp-json\/wp\/v2\/posts\/72433","targetHints":{"allow":["GET"]}}],"collection":[{"href":"https:\/\/zjarr.tv\/sq\/wp-json\/wp\/v2\/posts"}],"about":[{"href":"https:\/\/zjarr.tv\/sq\/wp-json\/wp\/v2\/types\/post"}],"author":[{"embeddable":true,"href":"https:\/\/zjarr.tv\/sq\/wp-json\/wp\/v2\/users\/2020"}],"replies":[{"embeddable":true,"href":"https:\/\/zjarr.tv\/sq\/wp-json\/wp\/v2\/comments?post=72433"}],"version-history":[{"count":0,"href":"https:\/\/zjarr.tv\/sq\/wp-json\/wp\/v2\/posts\/72433\/revisions"}],"wp:featuredmedia":[{"embeddable":true,"href":"https:\/\/zjarr.tv\/sq\/wp-json\/wp\/v2\/media\/69933"}],"wp:attachment":[{"href":"https:\/\/zjarr.tv\/sq\/wp-json\/wp\/v2\/media?parent=72433"}],"wp:term":[{"taxonomy":"category","embeddable":true,"href":"https:\/\/zjarr.tv\/sq\/wp-json\/wp\/v2\/categories?post=72433"},{"taxonomy":"post_tag","embeddable":true,"href":"https:\/\/zjarr.tv\/sq\/wp-json\/wp\/v2\/tags?post=72433"}],"curies":[{"name":"wp","href":"https:\/\/api.w.org\/{rel}","templated":true}]}}