{"id":72435,"date":"2019-03-05T11:21:18","date_gmt":"2019-03-05T10:21:18","guid":{"rendered":"https:\/\/zjarr.tv\/?p=72435"},"modified":"2019-03-05T11:21:18","modified_gmt":"2019-03-05T10:21:18","slug":"rama-skursen-thumbat-ndaj-opozites-rruges-per-ne-itali-per-te-mbrojtur-shqiperine","status":"publish","type":"post","link":"https:\/\/zjarr.tv\/sq\/rama-skursen-thumbat-ndaj-opozites-rruges-per-ne-itali-per-te-mbrojtur-shqiperine\/","title":{"rendered":"Rama s\u2019kursen thumbat ndaj opozit\u00ebs rrug\u00ebs p\u00ebr n\u00eb Itali: P\u00ebr t\u00eb mbrojtur Shqip\u00ebrin\u00eb"},"content":{"rendered":"<p>Pasi mbajti fjal\u00ebn n\u00eb seanc\u00ebn e sotme parlamentare, ku informoi se do largohej pasi do udh\u00ebtonte drejt Italis\u00eb, Kryeministri Edi Rama nuk ka kursyer thumbat as gjat\u00eb rrug\u00ebs p\u00ebr n\u00eb shtetin fqinj.<\/p>\n<p>Ai thot\u00eb se do shkoj\u00eb p\u00ebr t\u00eb mbrojtur Shqip\u00ebrin\u00eb pas d\u00ebmtimit t\u00eb imazhit nga protestat e opozit\u00ebs.<\/p>\n<p>\u201cN\u00eb Itali 24 or\u00eb p\u00ebr t\u00eb mbrojtur Shqip\u00ebrin\u00eb, pas cenimit t\u00eb r\u00ebnd\u00eb nd\u00ebrkomb\u00ebtar nga shfaqja e turpshme t\u00eb dhun\u00ebs partiake t\u00eb 16 shkurtit e n\u00eb vazhdim, q\u00eb k\u00ebrc\u00ebnon investitor\u00ebt e planet e tyre dhe turizmin q\u00eb pun\u00ebson e ushqen dhjet\u00ebra mij\u00ebra njer\u00ebz. Shqip\u00ebria q\u00eb duam deri n\u00eb fund\u201d, shkruan Rama.<\/p>\n","protected":false},"excerpt":{"rendered":"<p>Pasi mbajti fjal\u00ebn n\u00eb seanc\u00ebn e sotme parlamentare, ku informoi se do largohej pasi do udh\u00ebtonte drejt Italis\u00eb, Kryeministri Edi Rama nuk ka kursyer thumbat as gjat\u00eb rrug\u00ebs p\u00ebr n\u00eb shtetin fqinj. Ai thot\u00eb se do shkoj\u00eb p\u00ebr t\u00eb mbrojtur Shqip\u00ebrin\u00eb pas d\u00ebmtimit t\u00eb imazhit nga protestat e opozit\u00ebs. \u201cN\u00eb Itali 24 or\u00eb p\u00ebr t\u00eb [&hellip;]<\/p>\n","protected":false},"author":4,"featured_media":72406,"comment_status":"open","ping_status":"closed","sticky":false,"template":"","format":"standard","meta":{"footnotes":""},"categories":[241,231,235],"tags":[],"class_list":{"0":"post-72435","1":"post","2":"type-post","3":"status-publish","4":"format-standard","5":"has-post-thumbnail","7":"category-aktualitet","8":"category-lajme","9":"category-vendi"},"_links":{"self":[{"href":"https:\/\/zjarr.tv\/sq\/wp-json\/wp\/v2\/posts\/72435","targetHints":{"allow":["GET"]}}],"collection":[{"href":"https:\/\/zjarr.tv\/sq\/wp-json\/wp\/v2\/posts"}],"about":[{"href":"https:\/\/zjarr.tv\/sq\/wp-json\/wp\/v2\/types\/post"}],"author":[{"embeddable":true,"href":"https:\/\/zjarr.tv\/sq\/wp-json\/wp\/v2\/users\/4"}],"replies":[{"embeddable":true,"href":"https:\/\/zjarr.tv\/sq\/wp-json\/wp\/v2\/comments?post=72435"}],"version-history":[{"count":0,"href":"https:\/\/zjarr.tv\/sq\/wp-json\/wp\/v2\/posts\/72435\/revisions"}],"wp:featuredmedia":[{"embeddable":true,"href":"https:\/\/zjarr.tv\/sq\/wp-json\/wp\/v2\/media\/72406"}],"wp:attachment":[{"href":"https:\/\/zjarr.tv\/sq\/wp-json\/wp\/v2\/media?parent=72435"}],"wp:term":[{"taxonomy":"category","embeddable":true,"href":"https:\/\/zjarr.tv\/sq\/wp-json\/wp\/v2\/categories?post=72435"},{"taxonomy":"post_tag","embeddable":true,"href":"https:\/\/zjarr.tv\/sq\/wp-json\/wp\/v2\/tags?post=72435"}],"curies":[{"name":"wp","href":"https:\/\/api.w.org\/{rel}","templated":true}]}}