{"id":72447,"date":"2019-03-05T12:06:37","date_gmt":"2019-03-05T11:06:37","guid":{"rendered":"https:\/\/zjarr.tv\/?p=72447"},"modified":"2019-03-05T12:06:37","modified_gmt":"2019-03-05T11:06:37","slug":"tensione-tek-parlamenti-protestuesit-hedhin-shashka-e-tymuese","status":"publish","type":"post","link":"https:\/\/zjarr.tv\/sq\/tensione-tek-parlamenti-protestuesit-hedhin-shashka-e-tymuese\/","title":{"rendered":"Tensione tek parlamenti, protestuesit hedhin shashka e tymuese"},"content":{"rendered":"<p>Megjith\u00ebse nuk ka pasur konfrontime, protestuesit kan\u00eb hedhur shashka e tymuese n\u00eb oborrin e parlamentit duke prishur disa her\u00eb radh\u00ebt e policis\u00eb dhe me vuvuzela kan\u00eb k\u00ebrkuar largimin e kryeministrit. \u201cRama ik!\u201d kan\u00eb qen\u00eb thirrjet e tyre. Nd\u00ebrkoh\u00eb nj\u00eb ambulanc\u00eb ka marr\u00eb me barel\u00eb nj\u00eb prej protestuesve i cili \u00ebsht\u00eb ndjer\u00eb keq.<\/p>\n<p>Opozita e bashkuar proteston sot s\u00ebrish kund\u00ebr qeveris\u00eb. Protesta ka nisur n\u00eb or\u00ebn 10:00 n\u00eb t\u00eb nj\u00ebjt\u00ebn koh\u00eb kur Kuvendi zhvillon\u00a0 seanc\u00ebn plenare.<\/p>\n<p>Kjo \u00ebsht\u00eb e kat\u00ebrta protest\u00eb e opozit\u00ebs q\u00eb prej 16 shkurtit. E para pati konfrontime dhe tentativ\u00eb p\u00ebr t\u00eb hyr\u00eb n\u00eb Kryeministri, ku u thyen xhamat e dyerve dhe u p\u00ebrdor masivisht gazi lotsjell\u00ebs nga ana e policis\u00eb. Protesta e dyt\u00eb u zhvillua paq\u00ebsore dhe kulmoi me dor\u00ebzimin e dor\u00ebheqjeve nga mandati n\u00eb Kryesin\u00eb e Kuvendit.<\/p>\n","protected":false},"excerpt":{"rendered":"<p>Megjith\u00ebse nuk ka pasur konfrontime, protestuesit kan\u00eb hedhur shashka e tymuese n\u00eb oborrin e parlamentit duke prishur disa her\u00eb radh\u00ebt e policis\u00eb dhe me vuvuzela kan\u00eb k\u00ebrkuar largimin e kryeministrit. \u201cRama ik!\u201d kan\u00eb qen\u00eb thirrjet e tyre. Nd\u00ebrkoh\u00eb nj\u00eb ambulanc\u00eb ka marr\u00eb me barel\u00eb nj\u00eb prej protestuesve i cili \u00ebsht\u00eb ndjer\u00eb keq. Opozita e bashkuar [&hellip;]<\/p>\n","protected":false},"author":4,"featured_media":72448,"comment_status":"open","ping_status":"closed","sticky":false,"template":"","format":"standard","meta":{"footnotes":""},"categories":[241,231,235],"tags":[],"class_list":{"0":"post-72447","1":"post","2":"type-post","3":"status-publish","4":"format-standard","5":"has-post-thumbnail","7":"category-aktualitet","8":"category-lajme","9":"category-vendi"},"_links":{"self":[{"href":"https:\/\/zjarr.tv\/sq\/wp-json\/wp\/v2\/posts\/72447","targetHints":{"allow":["GET"]}}],"collection":[{"href":"https:\/\/zjarr.tv\/sq\/wp-json\/wp\/v2\/posts"}],"about":[{"href":"https:\/\/zjarr.tv\/sq\/wp-json\/wp\/v2\/types\/post"}],"author":[{"embeddable":true,"href":"https:\/\/zjarr.tv\/sq\/wp-json\/wp\/v2\/users\/4"}],"replies":[{"embeddable":true,"href":"https:\/\/zjarr.tv\/sq\/wp-json\/wp\/v2\/comments?post=72447"}],"version-history":[{"count":0,"href":"https:\/\/zjarr.tv\/sq\/wp-json\/wp\/v2\/posts\/72447\/revisions"}],"wp:featuredmedia":[{"embeddable":true,"href":"https:\/\/zjarr.tv\/sq\/wp-json\/wp\/v2\/media\/72448"}],"wp:attachment":[{"href":"https:\/\/zjarr.tv\/sq\/wp-json\/wp\/v2\/media?parent=72447"}],"wp:term":[{"taxonomy":"category","embeddable":true,"href":"https:\/\/zjarr.tv\/sq\/wp-json\/wp\/v2\/categories?post=72447"},{"taxonomy":"post_tag","embeddable":true,"href":"https:\/\/zjarr.tv\/sq\/wp-json\/wp\/v2\/tags?post=72447"}],"curies":[{"name":"wp","href":"https:\/\/api.w.org\/{rel}","templated":true}]}}