{"id":72453,"date":"2019-03-05T12:17:08","date_gmt":"2019-03-05T11:17:08","guid":{"rendered":"https:\/\/zjarr.tv\/?p=72453"},"modified":"2019-03-05T12:17:08","modified_gmt":"2019-03-05T11:17:08","slug":"vajza-e-azemit-refuzoi-te-digjte-mandatin-vellai-kunder-saj-amaneti-i-tij-eshte-te-ju","status":"publish","type":"post","link":"https:\/\/zjarr.tv\/sq\/vajza-e-azemit-refuzoi-te-digjte-mandatin-vellai-kunder-saj-amaneti-i-tij-eshte-te-ju\/","title":{"rendered":"Vajza e Azemit refuzoi t\u00eb \u201cdigjte\u201d mandatin, v\u00ebllai kund\u00ebr saj: Amaneti i tij \u00ebsht\u00eb te ju"},"content":{"rendered":"<p>Pavar\u00ebsisht se motra e tij, Rudina Hajdari ka zgjedhur t\u00eb jet\u00eb deputete e Kuvendit, duke dal\u00eb kund\u00ebr partis\u00eb s\u00eb saj, v\u00ebllai i saj Kiri \u00ebsht\u00eb shfaqur n\u00eb protest\u00eb.<\/p>\n<p>Djali i madh i\u00a0 Azem Hajdarit p\u00ebrkund\u00ebr zgjedhjes s\u00eb motr\u00ebs \u00ebsht\u00eb shfaqur p\u00ebrkrah kreut t\u00eb PD-s\u00eb Lulzim Bash\u00ebs dhe ish-kryeministrit Sali Berisha.<\/p>\n<p>\u201cUn\u00eb jam djali i Azem Hajdarit. Amaneti i Azemi Hajdarit q\u00ebndron tek ju dhe t\u00eb gjith\u00eb demokrat\u00ebt. Liri Demokraci! Rama ik, Rama ik!\u201d, tha Kiri.<\/p>\n<p>Gjat\u00eb fjal\u00ebs s\u00eb tij protestuesit kan\u00eb thirrur n\u00eb kor \u201cAzem, Azem ti je gjall\u00eb\u201d.<\/p>\n<p>Kujtojm\u00eb q\u00eb vet\u00eb kreu i PD-s\u00eb ka paralajm\u00ebruar motr\u00ebn e tij me p\u00ebrjashtim nga partia, por si duket pavar\u00ebsisht k\u00ebsaj \u00a0Kiri nuk \u00ebsht\u00eb ndikuar q\u00eb t\u00eb mos jet\u00eb i pranish\u00ebm \u00a0n\u00eb protest\u00eb.<\/p>\n<p>Nga ana tjet\u00ebr Hajdari u shpreh n\u00eb rrjetet sociale se \u00ebsht\u00eb konsultuar me SHBA dhe BE dhe se shum\u00eb shpejt do ta b\u00ebj\u00eb publike vendimin e saj.<\/p>\n","protected":false},"excerpt":{"rendered":"<p>Pavar\u00ebsisht se motra e tij, Rudina Hajdari ka zgjedhur t\u00eb jet\u00eb deputete e Kuvendit, duke dal\u00eb kund\u00ebr partis\u00eb s\u00eb saj, v\u00ebllai i saj Kiri \u00ebsht\u00eb shfaqur n\u00eb protest\u00eb. Djali i madh i\u00a0 Azem Hajdarit p\u00ebrkund\u00ebr zgjedhjes s\u00eb motr\u00ebs \u00ebsht\u00eb shfaqur p\u00ebrkrah kreut t\u00eb PD-s\u00eb Lulzim Bash\u00ebs dhe ish-kryeministrit Sali Berisha. \u201cUn\u00eb jam djali i Azem [&hellip;]<\/p>\n","protected":false},"author":4,"featured_media":72454,"comment_status":"open","ping_status":"closed","sticky":false,"template":"","format":"standard","meta":{"footnotes":""},"categories":[241,231,235],"tags":[],"class_list":{"0":"post-72453","1":"post","2":"type-post","3":"status-publish","4":"format-standard","5":"has-post-thumbnail","7":"category-aktualitet","8":"category-lajme","9":"category-vendi"},"_links":{"self":[{"href":"https:\/\/zjarr.tv\/sq\/wp-json\/wp\/v2\/posts\/72453","targetHints":{"allow":["GET"]}}],"collection":[{"href":"https:\/\/zjarr.tv\/sq\/wp-json\/wp\/v2\/posts"}],"about":[{"href":"https:\/\/zjarr.tv\/sq\/wp-json\/wp\/v2\/types\/post"}],"author":[{"embeddable":true,"href":"https:\/\/zjarr.tv\/sq\/wp-json\/wp\/v2\/users\/4"}],"replies":[{"embeddable":true,"href":"https:\/\/zjarr.tv\/sq\/wp-json\/wp\/v2\/comments?post=72453"}],"version-history":[{"count":0,"href":"https:\/\/zjarr.tv\/sq\/wp-json\/wp\/v2\/posts\/72453\/revisions"}],"wp:featuredmedia":[{"embeddable":true,"href":"https:\/\/zjarr.tv\/sq\/wp-json\/wp\/v2\/media\/72454"}],"wp:attachment":[{"href":"https:\/\/zjarr.tv\/sq\/wp-json\/wp\/v2\/media?parent=72453"}],"wp:term":[{"taxonomy":"category","embeddable":true,"href":"https:\/\/zjarr.tv\/sq\/wp-json\/wp\/v2\/categories?post=72453"},{"taxonomy":"post_tag","embeddable":true,"href":"https:\/\/zjarr.tv\/sq\/wp-json\/wp\/v2\/tags?post=72453"}],"curies":[{"name":"wp","href":"https:\/\/api.w.org\/{rel}","templated":true}]}}