{"id":72459,"date":"2019-03-05T13:16:13","date_gmt":"2019-03-05T12:16:13","guid":{"rendered":"https:\/\/zjarr.tv\/?p=72459"},"modified":"2019-03-05T13:16:13","modified_gmt":"2019-03-05T12:16:13","slug":"deputetet-e-rinj-basha-tradhtare-qe-kurre-sdo-i-fale-historia","status":"publish","type":"post","link":"https:\/\/zjarr.tv\/sq\/deputetet-e-rinj-basha-tradhtare-qe-kurre-sdo-i-fale-historia\/","title":{"rendered":"Deputet\u00ebt e rinj, Basha: Tradhtar\u00eb q\u00eb kurr\u00eb s\u2019do i fal\u00eb historia"},"content":{"rendered":"<p style=\"line-height: 24.0pt;margin: 0in 0in 22.5pt 0in\"><span style=\"color: #18191a\">Kreu i PD, Lulzim Basha ka komentuar betimin e 4 deputet\u00ebve t\u00eb opozit\u00ebs q\u00eb u betuan sot n\u00eb Kuvend si deputet\u00ebt m\u00eb t\u00eb rinj dhe nuk pranuan djegien e mandateve.<\/span><\/p>\n<p style=\"line-height: 24.0pt;text-align: start;margin: 0in 0in 22.5pt 0in\"><span style=\"color: #18191a\">Gjat\u00eb fjal\u00ebs s\u00eb tij para protestuesve tek Parlamenti, Basha tha se ata jan\u00eb tradhtar\u00eb q\u00eb kurr\u00eb s\u2019do i fal\u00eb historia.<\/span><\/p>\n<p style=\"line-height: 24.0pt;margin: 0in 0in 22.5pt 0in\"><span style=\"color: #18191a\">\u201cPrej jav\u00ebsh ajo godin\u00eb parlamenti nuk \u00ebsht\u00eb m\u00eb godina e Kuvendit t\u00eb Shqip\u00ebris\u00eb, por karantina e koler\u00ebs s\u00eb krimit dhe korrupsionit. Ata ta t\u00eb mjer\u00eb q\u00eb futen aty, ata jan\u00eb turpi i familjes s\u00eb tyre dhe turpi i shqiptar\u00ebve. Ata jan\u00eb tradhtar\u00ebt q\u00eb kurr\u00eb nuk do t\u2019i fal\u00eb historia. Zoti past\u00eb m\u00ebshir\u00eb p\u00ebr shpirtrat e tyre se fytyr\u00eb nuk kan\u00eb para shqiptar\u00ebve. Z\u00ebri juaj \u00ebsht\u00eb d\u00ebgjuar dhe un\u00eb kam nderin q\u00eb me emrin e popullit sovran t\u00eb fal\u00ebnderoj nga zemra ata kandidat\u00eb q\u00eb djegien sot mandatin e tyre. Kjo \u00ebsht\u00eb beteja p\u00ebr Shqip\u00ebrin\u00eb e vlerave. Nuk ka Evrop\u00eb me Shqip\u00ebrin\u00eb si Kolumbia\u201d- tha Basha.<\/span><\/p>\n","protected":false},"excerpt":{"rendered":"<p>Kreu i PD, Lulzim Basha ka komentuar betimin e 4 deputet\u00ebve t\u00eb opozit\u00ebs q\u00eb u betuan sot n\u00eb Kuvend si deputet\u00ebt m\u00eb t\u00eb rinj dhe nuk pranuan djegien e mandateve. Gjat\u00eb fjal\u00ebs s\u00eb tij para protestuesve tek Parlamenti, Basha tha se ata jan\u00eb tradhtar\u00eb q\u00eb kurr\u00eb s\u2019do i fal\u00eb historia. \u201cPrej jav\u00ebsh ajo godin\u00eb parlamenti [&hellip;]<\/p>\n","protected":false},"author":4,"featured_media":72460,"comment_status":"open","ping_status":"closed","sticky":false,"template":"","format":"standard","meta":{"footnotes":""},"categories":[241,231,235],"tags":[],"class_list":{"0":"post-72459","1":"post","2":"type-post","3":"status-publish","4":"format-standard","5":"has-post-thumbnail","7":"category-aktualitet","8":"category-lajme","9":"category-vendi"},"_links":{"self":[{"href":"https:\/\/zjarr.tv\/sq\/wp-json\/wp\/v2\/posts\/72459","targetHints":{"allow":["GET"]}}],"collection":[{"href":"https:\/\/zjarr.tv\/sq\/wp-json\/wp\/v2\/posts"}],"about":[{"href":"https:\/\/zjarr.tv\/sq\/wp-json\/wp\/v2\/types\/post"}],"author":[{"embeddable":true,"href":"https:\/\/zjarr.tv\/sq\/wp-json\/wp\/v2\/users\/4"}],"replies":[{"embeddable":true,"href":"https:\/\/zjarr.tv\/sq\/wp-json\/wp\/v2\/comments?post=72459"}],"version-history":[{"count":0,"href":"https:\/\/zjarr.tv\/sq\/wp-json\/wp\/v2\/posts\/72459\/revisions"}],"wp:featuredmedia":[{"embeddable":true,"href":"https:\/\/zjarr.tv\/sq\/wp-json\/wp\/v2\/media\/72460"}],"wp:attachment":[{"href":"https:\/\/zjarr.tv\/sq\/wp-json\/wp\/v2\/media?parent=72459"}],"wp:term":[{"taxonomy":"category","embeddable":true,"href":"https:\/\/zjarr.tv\/sq\/wp-json\/wp\/v2\/categories?post=72459"},{"taxonomy":"post_tag","embeddable":true,"href":"https:\/\/zjarr.tv\/sq\/wp-json\/wp\/v2\/tags?post=72459"}],"curies":[{"name":"wp","href":"https:\/\/api.w.org\/{rel}","templated":true}]}}