{"id":72655,"date":"2019-03-06T12:45:42","date_gmt":"2019-03-06T11:45:42","guid":{"rendered":"https:\/\/zjarr.tv\/?p=72655"},"modified":"2019-03-06T12:45:42","modified_gmt":"2019-03-06T11:45:42","slug":"foto-sa-nje-mije-fjale-cfare-nuk-u-pa-ne-samitin-e-diaspores-me-670-milione-leke-kosto","status":"publish","type":"post","link":"https:\/\/zjarr.tv\/sq\/foto-sa-nje-mije-fjale-cfare-nuk-u-pa-ne-samitin-e-diaspores-me-670-milione-leke-kosto\/","title":{"rendered":"Foto sa nj\u00eb mij\u00eb fjal\u00eb\/\u00c7far\u00eb nuk u pa n\u00eb Samitin e Diaspor\u00ebs me 670 milion\u00eb lek\u00eb kosto"},"content":{"rendered":"<p>Genc Sejko, i cili \u00ebsht\u00eb kthyer n\u00eb personazh p\u00ebr memet e tij t\u00eb goditura, ku objekt i ironis\u00eb jan\u00eb figurat e politik\u00ebs, por edhe p\u00ebr satir\u00ebn e sarkazm\u00ebn me t\u00eb cilat i shoq\u00ebron ato, i ka nxjerr\u00eb \u2018boj\u00ebn\u2019 Samitit t\u00eb Diaspor\u00ebs. Me an\u00eb t\u00eb disa fotove, ai tregon se sa \u00ebsht\u00eb shpenzuar.<\/p>\n<p>P\u00ebr k\u00ebt\u00eb samit kat\u00ebr ditor jan\u00eb shpenzuar rreth 670 mln lek\u00eb t\u00eb vjetra, para nga taksapaguesit shqiptar\u00eb.<\/p>\n<p>Pamjet n\u00eb fjal\u00eb l\u00ebn\u00eb p\u00ebr t\u00eb d\u00ebshiruar. T\u00eb ngjajn\u00eb me ato t\u00eb nj\u00eb kampi refugjat\u00ebsh, dhe jo t\u00eb nj\u00eb takimi solemn p\u00ebr t\u00eb cilin jan\u00eb shpenzuar miliona. Ky \u00ebsht\u00eb trajtimi q\u00eb u \u00ebsht\u00eb b\u00ebr\u00eb shqiptar\u00ebve t\u00eb ardhur nga diaspora.<\/p>\n<p>Si\u00e7 duket edhe nga fotot q\u00eb po qarkullojn\u00eb n\u00eb rrjetet sociale, shum\u00eb pjes\u00ebmarr\u00ebs jan\u00eb shfaqur jo vet\u00ebm t\u00eb uritur, por aspak komod\u00eb p\u00ebr kushtet m\u00eb minimale t\u00eb ngr\u00ebnies.<\/p>\n","protected":false},"excerpt":{"rendered":"<p>Genc Sejko, i cili \u00ebsht\u00eb kthyer n\u00eb personazh p\u00ebr memet e tij t\u00eb goditura, ku objekt i ironis\u00eb jan\u00eb figurat e politik\u00ebs, por edhe p\u00ebr satir\u00ebn e sarkazm\u00ebn me t\u00eb cilat i shoq\u00ebron ato, i ka nxjerr\u00eb \u2018boj\u00ebn\u2019 Samitit t\u00eb Diaspor\u00ebs. Me an\u00eb t\u00eb disa fotove, ai tregon se sa \u00ebsht\u00eb shpenzuar. P\u00ebr k\u00ebt\u00eb samit [&hellip;]<\/p>\n","protected":false},"author":4,"featured_media":72657,"comment_status":"open","ping_status":"closed","sticky":false,"template":"","format":"standard","meta":{"footnotes":""},"categories":[241,231,235],"tags":[],"class_list":{"0":"post-72655","1":"post","2":"type-post","3":"status-publish","4":"format-standard","5":"has-post-thumbnail","7":"category-aktualitet","8":"category-lajme","9":"category-vendi"},"_links":{"self":[{"href":"https:\/\/zjarr.tv\/sq\/wp-json\/wp\/v2\/posts\/72655","targetHints":{"allow":["GET"]}}],"collection":[{"href":"https:\/\/zjarr.tv\/sq\/wp-json\/wp\/v2\/posts"}],"about":[{"href":"https:\/\/zjarr.tv\/sq\/wp-json\/wp\/v2\/types\/post"}],"author":[{"embeddable":true,"href":"https:\/\/zjarr.tv\/sq\/wp-json\/wp\/v2\/users\/4"}],"replies":[{"embeddable":true,"href":"https:\/\/zjarr.tv\/sq\/wp-json\/wp\/v2\/comments?post=72655"}],"version-history":[{"count":0,"href":"https:\/\/zjarr.tv\/sq\/wp-json\/wp\/v2\/posts\/72655\/revisions"}],"wp:featuredmedia":[{"embeddable":true,"href":"https:\/\/zjarr.tv\/sq\/wp-json\/wp\/v2\/media\/72657"}],"wp:attachment":[{"href":"https:\/\/zjarr.tv\/sq\/wp-json\/wp\/v2\/media?parent=72655"}],"wp:term":[{"taxonomy":"category","embeddable":true,"href":"https:\/\/zjarr.tv\/sq\/wp-json\/wp\/v2\/categories?post=72655"},{"taxonomy":"post_tag","embeddable":true,"href":"https:\/\/zjarr.tv\/sq\/wp-json\/wp\/v2\/tags?post=72655"}],"curies":[{"name":"wp","href":"https:\/\/api.w.org\/{rel}","templated":true}]}}