{"id":72684,"date":"2019-03-06T13:37:33","date_gmt":"2019-03-06T12:37:33","guid":{"rendered":"https:\/\/zjarr.tv\/?p=72684"},"modified":"2019-03-06T13:37:33","modified_gmt":"2019-03-06T12:37:33","slug":"presidenti-memec-kerkon-mandatin","status":"publish","type":"post","link":"https:\/\/zjarr.tv\/sq\/presidenti-memec-kerkon-mandatin\/","title":{"rendered":"Presidenti \u2018memec\u2019 k\u00ebrkon mandatin"},"content":{"rendered":"<p><em>Edhe pse n\u00eb nj\u00eb gj\u00ebndje t\u00eb r\u00ebnduar sh\u00ebndetwsore q\u00eb e ka detyruar t\u00eb mos flas\u00eb p\u00ebrpara qytetar\u00ebve n\u00eb m\u00eb shum\u00eb se 5 vite, Presidenti i Algjeris\u00eb, Abdelhaziz Buteflika, k\u00ebrkon nj\u00eb mandat t\u00eb pest\u00eb nga zgjedhjet q\u00eb do t\u00eb mbahen n\u00eb muajin prill. P\u00ebr shum\u00eb persona, \u00ebsht\u00eb e habitshme se si ai mund t\u00eb qeveris\u00eb pa komunikuar me popullin, nd\u00ebrsa situata ka ngjallur pak\u00ebnaq\u00ebsi duke sjell\u00eb protesta masive n\u00eb vend.<\/em><\/p>\n<p>Presidenti i Algjeris\u00eb, Abdelhaziz Bouteflika, \u00ebsht\u00eb 82-vje\u00e7, l\u00ebviz me nj\u00eb karrige me rrota, flet me v\u00ebshtir\u00ebsi, e ka patur prezenc\u00ebn e fundit publike n\u00eb vitin 2014, por t\u00eb gjitha k\u00ebto arsye nuk e kan\u00eb penguar q\u00eb t\u00eb regjistrohet n\u00eb zgjedhjet e ardhshme presidenciale q\u00eb do t\u00eb mbahen n\u00eb muajin Prill, ku ai synon nj\u00eb mandat t\u00eb pest\u00eb.<\/p>\n<p>P\u00ebr shum\u00eb algjerian\u00eb, \u00ebsht\u00eb e \u00e7uditshme se si 82-vje\u00e7ari arrin t\u00eb mbaj\u00eb pushtetin, duke patur parasysh goditjen n\u00eb tru q\u00eb p\u00ebsoi gjasht\u00eb vite m\u00eb par\u00eb.<\/p>\n<p>Bouteflika ka q\u00ebndruar n\u00eb detyr\u00eb q\u00eb prej vitit 1999 dhe shum\u00eb druhen se tashm\u00eb n\u00eb pushtet nuk q\u00ebndron m\u00eb lideri, por rrjeti q\u00eb ai ka krijuar gjat\u00eb dy dekadave qeverisje.<\/p>\n<p>P\u00ebr k\u00ebt\u00eb arsye, n\u00eb Algjeri ka patur protesta masive t\u00eb qytetar\u00ebve q\u00eb kund\u00ebrshtojn\u00eb kandidatur\u00ebn.<\/p>\n<p>Ata shprehen n\u00eb fjal\u00ebn e tyre se jan\u00eb t\u00eb ngopur nga kjo qeverisje, e cila sipas tyre nuk e ka p\u00ebrmir\u00ebsuar aspak jetes\u00ebn n\u00eb vend.<\/p>\n<p>Abdelhaziz nuk u paraqit personalisht p\u00ebr t\u00eb regjistruar kandidatur\u00ebn n\u00eb zgjedhje, e madje edhe konferenca p\u00ebr mediat u mbajt nga z\u00ebdh\u00ebn\u00ebsit e tij.<\/p>\n<p>82-vje\u00e7ari e ka patur daljen e fundit n\u00eb televizion n\u00eb 2014, kur falenderoi votuesit p\u00ebr mandatin e tij t\u00eb kat\u00ebrt t\u00eb fituar n\u00eb zgjedhje.<\/p>\n<p>Gjith\u00ebsesi, mbetet t\u00eb shihet se \u00e7far\u00eb do t\u00eb ndodh\u00eb n\u00eb kushtet kur nj\u00eb pjes\u00eb e konsiderueshme e qytetar\u00ebve kan\u00eb mbushur sheshet p\u00ebr t\u00eb k\u00ebrkuar largimin e tij.<\/p>\n<p>&nbsp;<\/p>\n","protected":false},"excerpt":{"rendered":"<p>Edhe pse n\u00eb nj\u00eb gj\u00ebndje t\u00eb r\u00ebnduar sh\u00ebndetwsore q\u00eb e ka detyruar t\u00eb mos flas\u00eb p\u00ebrpara qytetar\u00ebve n\u00eb m\u00eb shum\u00eb se 5 vite, Presidenti i Algjeris\u00eb, Abdelhaziz Buteflika, k\u00ebrkon nj\u00eb mandat t\u00eb pest\u00eb nga zgjedhjet q\u00eb do t\u00eb mbahen n\u00eb muajin prill. P\u00ebr shum\u00eb persona, \u00ebsht\u00eb e habitshme se si ai mund t\u00eb qeveris\u00eb pa [&hellip;]<\/p>\n","protected":false},"author":2013,"featured_media":0,"comment_status":"open","ping_status":"closed","sticky":false,"template":"","format":"standard","meta":{"footnotes":""},"categories":[241,191],"tags":[],"class_list":{"0":"post-72684","1":"post","2":"type-post","3":"status-publish","4":"format-standard","6":"category-aktualitet","7":"category-bota"},"_links":{"self":[{"href":"https:\/\/zjarr.tv\/sq\/wp-json\/wp\/v2\/posts\/72684","targetHints":{"allow":["GET"]}}],"collection":[{"href":"https:\/\/zjarr.tv\/sq\/wp-json\/wp\/v2\/posts"}],"about":[{"href":"https:\/\/zjarr.tv\/sq\/wp-json\/wp\/v2\/types\/post"}],"author":[{"embeddable":true,"href":"https:\/\/zjarr.tv\/sq\/wp-json\/wp\/v2\/users\/2013"}],"replies":[{"embeddable":true,"href":"https:\/\/zjarr.tv\/sq\/wp-json\/wp\/v2\/comments?post=72684"}],"version-history":[{"count":0,"href":"https:\/\/zjarr.tv\/sq\/wp-json\/wp\/v2\/posts\/72684\/revisions"}],"wp:attachment":[{"href":"https:\/\/zjarr.tv\/sq\/wp-json\/wp\/v2\/media?parent=72684"}],"wp:term":[{"taxonomy":"category","embeddable":true,"href":"https:\/\/zjarr.tv\/sq\/wp-json\/wp\/v2\/categories?post=72684"},{"taxonomy":"post_tag","embeddable":true,"href":"https:\/\/zjarr.tv\/sq\/wp-json\/wp\/v2\/tags?post=72684"}],"curies":[{"name":"wp","href":"https:\/\/api.w.org\/{rel}","templated":true}]}}