{"id":72832,"date":"2019-03-07T12:34:52","date_gmt":"2019-03-07T11:34:52","guid":{"rendered":"https:\/\/zjarr.tv\/?p=72832"},"modified":"2019-03-07T12:34:52","modified_gmt":"2019-03-07T11:34:52","slug":"kryeminister-i-opozites-majko-sme-shkon-roli-i-delfinit","status":"publish","type":"post","link":"https:\/\/zjarr.tv\/sq\/kryeminister-i-opozites-majko-sme-shkon-roli-i-delfinit\/","title":{"rendered":"Kryeminist\u00ebr i opozit\u00ebs? Majko: S\u2019m\u00eb shkon roli i delfinit"},"content":{"rendered":"<p>Ministri p\u00ebr Diaspor\u00ebn, Pandeli Majko ka reaguar sot p\u00ebr nj\u00eb shkrim t\u00eb gazetarit Mero Baze q\u00eb e ka p\u00ebrzgjedhur si kryeminist\u00ebr t\u00eb opozit\u00ebs p\u00ebr t\u00eb drejtuar mazhoranc\u00ebn.<\/p>\n<p>Duke i kthyer p\u00ebrgjigje Bazes, Majko shuan kuriozitetin e shum\u00eb kureshtar\u00ebve, n\u00ebse v\u00ebrtet do t\u00eb pranonte ai t\u00eb ishte s\u00ebrish kryeminister, por k\u00ebsaj here edhe me bekimin e Lulzim Bash\u00ebs.<br \/>\nHoll\u00eb dhe qart\u00eb, Majko shprehet se atij nuk i shkon roli i delfinit dhe se titullin q\u00eb i kan\u00eb v\u00ebn\u00eb \u201ckryeminist\u00ebr i socialist\u00ebve\u201d nuk do ta shk\u00ebmbej\u00eb n\u00eb pazarin e maskave t\u00eb politik\u00ebs.<\/p>\n<p>\u201cRoli i \u201cdelfinit\u201d \u00ebsht\u00eb nj\u00eb kostum i cili nuk m\u00eb \u00ebsht\u00eb p\u00ebrshtatur n\u00eb politik\u00eb\u201d,- thot\u00eb ai.<\/p>\n<p><strong>STATUSI I PLOTE<\/strong><\/p>\n<div id=\"videoad\"><\/div>\n<p>REAGIM\u2026<\/p>\n<p>Nj\u00eb editorial i gazetarit Mero Baze m\u00eb ka shpallur t\u00eb \u201cp\u00ebrzgjedhurin\u201d e opozit\u00ebs p\u00ebr t\u00eb drejtuar mazhoranc\u00ebn. Padyshim q\u00eb artikulli nuk \u00ebsht\u00eb n\u00eb \u201caj\u00ebr\u201d pasi pena e Bazes nuk ngjyen n\u00eb boj\u00ebn e imagjinat\u00ebs. Me nj\u00eb siguri, t\u00eb cil\u00ebn e zot\u00ebron kur ka informacion ai n\u00eb shkrimin e tij n\u00ebnvizon se \u201cLul\u00ebzim Basha do zgjedhje\u2026me nj\u00eb kryeminist\u00ebr q\u00eb e pranon ai, n\u00eb k\u00ebt\u00eb rast Pandeli Majkon\u2026\u201d (!)<\/p>\n<p>Jetojm\u00eb n\u00eb koh\u00eb t\u00eb v\u00ebshtira dhe ankthi p\u00ebr politik\u00ebn! N\u00eb dijenin\u00eb time, nuk m\u00eb ka marr\u00eb malli t\u00eb b\u00ebj gj\u00ebra t\u00eb cilat i kam p\u00ebrbuzur q\u00eb dit\u00ebn q\u00eb i kam hyr\u00eb politik\u00ebs. Zoti Baze e di k\u00ebt\u00eb edhe kur ai (pa ironi) ishte nj\u00eb bashk\u00ebpun\u00ebtor luajal i Sali Berish\u00ebs.<\/p>\n<p>Roli i \u201cdelfinit\u201d \u00ebsht\u00eb nj\u00eb kostum i cili nuk m\u00eb \u00ebsht\u00eb p\u00ebrshtatur n\u00eb politik\u00eb. Kam b\u00ebr\u00eb \u201cdezhurn\u201d (sic shkruan Baze) q\u00eb 30 vjec n\u00eb zyr\u00ebn e Kryeministrit t\u00eb Shqip\u00ebris\u00eb, jo p\u00ebr \u201cfajin\u201d tim. Kam sh\u00ebrbyer, dhe kur kam l\u00ebn\u00eb zyr\u00ebn, vendi ka qen\u00eb m\u00eb mir\u00eb se sa dit\u00ebn kur e kam marr\u00eb detyr\u00ebn.<\/p>\n<p>Titullin \u201ckryeminist\u00ebr i socialist\u00ebve\u201d e konsideroj nj\u00eb nder, t\u00eb cilin nuk kam nd\u00ebrmend ta shk\u00ebmbej n\u00eb pazarin e maskave t\u00eb politik\u00ebs. Dit\u00ebt e v\u00ebshtira i konsideroj prov\u00eb p\u00ebr besimin dhe jo bukshkal\u00ebsin\u00eb.<\/p>\n<p>Pena e Meros \u00ebsht\u00eb e rrall\u00eb n\u00eb gjetj\u00ebn e dob\u00ebsive t\u00eb politik\u00ebs. Sot, ajo, m\u00eb b\u00ebri t\u00eb qart\u00eb frik\u00ebn e saj. K\u00ebsaj t\u00eb fundit nuk kam cfar\u00eb i b\u00ebj. Padyshim, frika e frikacakut t\u00eb vret ndonj\u00ebher\u00eb m\u00eb shum\u00eb se trim\u00ebria e trimit.<\/p>\n<p>N\u00eb korridoret e politik\u00eb shqiptare i njoh rregullat. Nj\u00eb prej tyre \u00ebsht\u00eb se \u201cLajm\u00ebsi nuk ka faj\u201d! Ai \u00ebsht\u00eb dezhurni i koh\u00ebs! Sigurisht!<\/p>\n","protected":false},"excerpt":{"rendered":"<p>Ministri p\u00ebr Diaspor\u00ebn, Pandeli Majko ka reaguar sot p\u00ebr nj\u00eb shkrim t\u00eb gazetarit Mero Baze q\u00eb e ka p\u00ebrzgjedhur si kryeminist\u00ebr t\u00eb opozit\u00ebs p\u00ebr t\u00eb drejtuar mazhoranc\u00ebn. Duke i kthyer p\u00ebrgjigje Bazes, Majko shuan kuriozitetin e shum\u00eb kureshtar\u00ebve, n\u00ebse v\u00ebrtet do t\u00eb pranonte ai t\u00eb ishte s\u00ebrish kryeminister, por k\u00ebsaj here edhe me bekimin e [&hellip;]<\/p>\n","protected":false},"author":4,"featured_media":72836,"comment_status":"open","ping_status":"closed","sticky":false,"template":"","format":"standard","meta":{"footnotes":""},"categories":[241,231,235],"tags":[],"class_list":{"0":"post-72832","1":"post","2":"type-post","3":"status-publish","4":"format-standard","5":"has-post-thumbnail","7":"category-aktualitet","8":"category-lajme","9":"category-vendi"},"_links":{"self":[{"href":"https:\/\/zjarr.tv\/sq\/wp-json\/wp\/v2\/posts\/72832","targetHints":{"allow":["GET"]}}],"collection":[{"href":"https:\/\/zjarr.tv\/sq\/wp-json\/wp\/v2\/posts"}],"about":[{"href":"https:\/\/zjarr.tv\/sq\/wp-json\/wp\/v2\/types\/post"}],"author":[{"embeddable":true,"href":"https:\/\/zjarr.tv\/sq\/wp-json\/wp\/v2\/users\/4"}],"replies":[{"embeddable":true,"href":"https:\/\/zjarr.tv\/sq\/wp-json\/wp\/v2\/comments?post=72832"}],"version-history":[{"count":0,"href":"https:\/\/zjarr.tv\/sq\/wp-json\/wp\/v2\/posts\/72832\/revisions"}],"wp:featuredmedia":[{"embeddable":true,"href":"https:\/\/zjarr.tv\/sq\/wp-json\/wp\/v2\/media\/72836"}],"wp:attachment":[{"href":"https:\/\/zjarr.tv\/sq\/wp-json\/wp\/v2\/media?parent=72832"}],"wp:term":[{"taxonomy":"category","embeddable":true,"href":"https:\/\/zjarr.tv\/sq\/wp-json\/wp\/v2\/categories?post=72832"},{"taxonomy":"post_tag","embeddable":true,"href":"https:\/\/zjarr.tv\/sq\/wp-json\/wp\/v2\/tags?post=72832"}],"curies":[{"name":"wp","href":"https:\/\/api.w.org\/{rel}","templated":true}]}}