{"id":72839,"date":"2019-03-07T20:10:52","date_gmt":"2019-03-07T19:10:52","guid":{"rendered":"https:\/\/zjarr.tv\/?p=72839"},"modified":"2019-03-07T12:41:26","modified_gmt":"2019-03-07T11:41:26","slug":"tre-dite-pa-celulare-sfida-qe-po-perballen-450-nxenes","status":"publish","type":"post","link":"https:\/\/zjarr.tv\/sq\/tre-dite-pa-celulare-sfida-qe-po-perballen-450-nxenes\/","title":{"rendered":"Tre dit\u00eb pa celular\u00eb, sfida q\u00eb po p\u00ebrballen 450 nx\u00ebn\u00ebs"},"content":{"rendered":"<p>T\u00eb heq\u00ebsh dor\u00eb n\u00eb m\u00ebnyr\u00eb vullnetare p\u00ebr tre dit\u00eb nga celulari; 72 or\u00eb pa biseduar, pa postuar foto n\u00eb Instagram dhe pa shfletuar n\u00eb murin e Facebook. Kjo \u00ebsht\u00eb sfida q\u00eb u \u00ebsht\u00eb dh\u00ebn\u00eb nx\u00ebn\u00ebsve t\u00eb shkollave t\u00eb mesme t\u00eb Vignola, Pavullo dhe Castelnuovo, n\u00eb zon\u00ebn e Modenese n\u00eb Itali. Gjith\u00ebsej k\u00ebsaj sfide i jan\u00eb bashkuar 450 t\u00eb rinj. \u00c7udia ishte se disa prind\u00ebr refuzuan q\u00eb f\u00ebmij\u00ebt e tyre ti bashkohen k\u00ebtij eksperimenti sepse nuk mund t&#8217;i kontaktonin. Telefonat celular\u00eb t\u00eb djemve q\u00eb mor\u00ebn pjes\u00eb n\u00eb iniciativ\u00ebn t\u00eb quajtur &#8220;Challenge4me&#8221;, u vendos\u00ebn n\u00eb zarfe letre t\u00eb posa\u00e7me. Hapja e tyre nuk mund t\u00eb b\u00ebhet pa d\u00ebmtuar vul\u00ebn e zarfit, \u00e7ka do t\u00eb dekretonte automatisht &#8220;humbjen&#8221;.<\/p>\n<p>Para sfid\u00ebs, adoleshent\u00ebt iu p\u00ebrgjigj\u00ebn nj\u00eb pyet\u00ebsori mbi motivet q\u00eb i nxit\u00ebn t\u00eb merrnin pjes\u00eb, pastaj n\u00eb nj\u00eb test t\u00eb dyt\u00eb ata do t\u00eb p\u00ebrballen me pyetjen se si po p\u00ebrjetojn\u00eb p\u00ebrvoj\u00ebn dhe n\u00eb fund do t\u00eb pyeten se si shkoi e gjith\u00eb p\u00ebrvoja.<\/p>\n<p>&nbsp;<\/p>\n","protected":false},"excerpt":{"rendered":"<p>T\u00eb heq\u00ebsh dor\u00eb n\u00eb m\u00ebnyr\u00eb vullnetare p\u00ebr tre dit\u00eb nga celulari; 72 or\u00eb pa biseduar, pa postuar foto n\u00eb Instagram dhe pa shfletuar n\u00eb murin e Facebook. Kjo \u00ebsht\u00eb sfida q\u00eb u \u00ebsht\u00eb dh\u00ebn\u00eb nx\u00ebn\u00ebsve t\u00eb shkollave t\u00eb mesme t\u00eb Vignola, Pavullo dhe Castelnuovo, n\u00eb zon\u00ebn e Modenese n\u00eb Itali. Gjith\u00ebsej k\u00ebsaj sfide i jan\u00eb [&hellip;]<\/p>\n","protected":false},"author":2013,"featured_media":0,"comment_status":"open","ping_status":"closed","sticky":false,"template":"","format":"standard","meta":{"footnotes":""},"categories":[241,191],"tags":[],"class_list":{"0":"post-72839","1":"post","2":"type-post","3":"status-publish","4":"format-standard","6":"category-aktualitet","7":"category-bota"},"_links":{"self":[{"href":"https:\/\/zjarr.tv\/sq\/wp-json\/wp\/v2\/posts\/72839","targetHints":{"allow":["GET"]}}],"collection":[{"href":"https:\/\/zjarr.tv\/sq\/wp-json\/wp\/v2\/posts"}],"about":[{"href":"https:\/\/zjarr.tv\/sq\/wp-json\/wp\/v2\/types\/post"}],"author":[{"embeddable":true,"href":"https:\/\/zjarr.tv\/sq\/wp-json\/wp\/v2\/users\/2013"}],"replies":[{"embeddable":true,"href":"https:\/\/zjarr.tv\/sq\/wp-json\/wp\/v2\/comments?post=72839"}],"version-history":[{"count":0,"href":"https:\/\/zjarr.tv\/sq\/wp-json\/wp\/v2\/posts\/72839\/revisions"}],"wp:attachment":[{"href":"https:\/\/zjarr.tv\/sq\/wp-json\/wp\/v2\/media?parent=72839"}],"wp:term":[{"taxonomy":"category","embeddable":true,"href":"https:\/\/zjarr.tv\/sq\/wp-json\/wp\/v2\/categories?post=72839"},{"taxonomy":"post_tag","embeddable":true,"href":"https:\/\/zjarr.tv\/sq\/wp-json\/wp\/v2\/tags?post=72839"}],"curies":[{"name":"wp","href":"https:\/\/api.w.org\/{rel}","templated":true}]}}