{"id":72846,"date":"2019-03-07T13:59:10","date_gmt":"2019-03-07T12:59:10","guid":{"rendered":"https:\/\/zjarr.tv\/?p=72846"},"modified":"2019-03-07T13:59:10","modified_gmt":"2019-03-07T12:59:10","slug":"dita-e-mesuesit-besa-shahini-uron-me-video-7-marsin","status":"publish","type":"post","link":"https:\/\/zjarr.tv\/sq\/dita-e-mesuesit-besa-shahini-uron-me-video-7-marsin\/","title":{"rendered":"\u201cDita e M\u00ebsuesit\u201d, Besa Shahini uron me video 7 Marsin"},"content":{"rendered":"<p>Ministrja e Arsimit, Rinis\u00eb dhe Sporteve, Besa Shahini duket se ka thyer rregullin e p\u00ebrvitsh\u00ebm t\u00eb urimit p\u00ebr fest\u00ebn e M\u00ebsuesit. Ndryshe nga vizitat n\u00eb shkolla, duke uruar drejtp\u00ebrdrejt m\u00ebsues e nx\u00ebn\u00ebs, ministrja e re e arsimit ka zgjedhur t\u00eb uroj p\u00ebrmes nj\u00eb videoje t\u00eb shp\u00ebrndar\u00eb n\u00eb rrjetet sociale.<\/p>\n<p>N\u00eb fal\u00ebnderimin e ministres Shahini, vend t\u00eb ve\u00e7ant\u00eb kan\u00eb m\u00ebsuesit ndihm\u00ebs, t\u00eb cil\u00ebt iu sh\u00ebrbejn\u00eb f\u00ebmij\u00ebve me nevoja t\u00eb ve\u00e7anta.<\/p>\n<p>Ministrja ka edhe nj\u00eb mesazh\u00a0 p\u00ebr m\u00ebsuesit e gjimnazeve dhe sfidat q\u00eb ata kan\u00eb p\u00ebr t\u00eb p\u00ebrgatitur maturant\u00ebt n\u00eb provimet e matur\u00ebs.<\/p>\n<div id=\"sticky-video--placeholder\">\n<h2>Mesazhi i plot\u00eb:<\/h2>\n<p>T\u00eb dashur m\u00ebsues! Ne zakonisht iu drejtohemi ose p\u00ebr ndonj\u00eb njoftim p\u00ebr ndonj\u00eb nism\u00eb t\u00eb re ose \u00a0ndonj\u00eb k\u00ebrkes\u00eb, kryesisht p\u00ebr zbatimin e nismave q\u00eb kemi marr\u00eb. Por sot \u00ebsht\u00eb ndryshe. Po iu drejtohemi thjesht p\u00ebr t\u2019ju fal\u00ebnderuar p\u00ebr pun\u00ebn q\u00eb e b\u00ebni me p\u00ebrkushtim dhe p\u00ebr sakrific\u00ebn e madhe dhe t\u00eb p\u00ebrditshme q\u00eb b\u00ebni p\u00ebr arsimimin e brezave t\u00eb rinj. Dua ve\u00e7an\u00ebrisht t\u00eb fal\u00ebnderoj m\u00ebsuesit e kalesave kolektive . Punoni n\u00eb kushte t\u00eb v\u00ebshtira me nx\u00ebn\u00ebs t\u00eb moshave t\u00eb ndryshme duke u munduar dhe\u00a0 p\u00ebrpjekur q\u00eb ju jepni m\u00eb t\u00eb mir\u00ebn\u00a0 nga ju dhe m\u00eb t\u00eb mir\u00ebn nga arsimi shqiptar.<\/p>\n<p>Dua t\u00eb fal\u00ebnderoj m\u00ebsuesit ndihm\u00ebs, q\u00eb luajn\u00eb nj\u00eb rol\u00a0 t\u00eb jasht\u00ebzakonshme n\u00eb jet\u00ebn e f\u00ebmij\u00ebve me nevoja t\u00eb ve\u00e7anta, t\u00eb cil\u00ebt n\u00eb duam q\u00eb t\u00eb arrijn\u00eb \u00a0potencialin e vet maksimal brenda sistemit arsimor shqiptar. Dhe nj\u00eb fal\u00ebnderim t\u00eb ve\u00e7ant\u00eb p\u00ebr m\u00ebsuesit e gjimnazeve. Sivjet, ashtu si \u00e7do vit tjet\u00ebr keni pun\u00eb me maturant\u00eb t\u00eb menaxhoni ankthin e tyre jo vet\u00ebm p\u00ebr testin e matur\u00ebs, por edhe p\u00ebr t\u00eb ardhmen e tyre. Nj\u00eb fal\u00ebnderim i ve\u00e7ant\u00eb p\u00ebr ju dhe g\u00ebzuar 7 Marsin!<\/p>\n<\/div>\n","protected":false},"excerpt":{"rendered":"<p>Ministrja e Arsimit, Rinis\u00eb dhe Sporteve, Besa Shahini duket se ka thyer rregullin e p\u00ebrvitsh\u00ebm t\u00eb urimit p\u00ebr fest\u00ebn e M\u00ebsuesit. Ndryshe nga vizitat n\u00eb shkolla, duke uruar drejtp\u00ebrdrejt m\u00ebsues e nx\u00ebn\u00ebs, ministrja e re e arsimit ka zgjedhur t\u00eb uroj p\u00ebrmes nj\u00eb videoje t\u00eb shp\u00ebrndar\u00eb n\u00eb rrjetet sociale. N\u00eb fal\u00ebnderimin e ministres Shahini, vend [&hellip;]<\/p>\n","protected":false},"author":4,"featured_media":72847,"comment_status":"open","ping_status":"closed","sticky":false,"template":"","format":"standard","meta":{"footnotes":""},"categories":[241,231,235],"tags":[],"class_list":{"0":"post-72846","1":"post","2":"type-post","3":"status-publish","4":"format-standard","5":"has-post-thumbnail","7":"category-aktualitet","8":"category-lajme","9":"category-vendi"},"_links":{"self":[{"href":"https:\/\/zjarr.tv\/sq\/wp-json\/wp\/v2\/posts\/72846","targetHints":{"allow":["GET"]}}],"collection":[{"href":"https:\/\/zjarr.tv\/sq\/wp-json\/wp\/v2\/posts"}],"about":[{"href":"https:\/\/zjarr.tv\/sq\/wp-json\/wp\/v2\/types\/post"}],"author":[{"embeddable":true,"href":"https:\/\/zjarr.tv\/sq\/wp-json\/wp\/v2\/users\/4"}],"replies":[{"embeddable":true,"href":"https:\/\/zjarr.tv\/sq\/wp-json\/wp\/v2\/comments?post=72846"}],"version-history":[{"count":0,"href":"https:\/\/zjarr.tv\/sq\/wp-json\/wp\/v2\/posts\/72846\/revisions"}],"wp:featuredmedia":[{"embeddable":true,"href":"https:\/\/zjarr.tv\/sq\/wp-json\/wp\/v2\/media\/72847"}],"wp:attachment":[{"href":"https:\/\/zjarr.tv\/sq\/wp-json\/wp\/v2\/media?parent=72846"}],"wp:term":[{"taxonomy":"category","embeddable":true,"href":"https:\/\/zjarr.tv\/sq\/wp-json\/wp\/v2\/categories?post=72846"},{"taxonomy":"post_tag","embeddable":true,"href":"https:\/\/zjarr.tv\/sq\/wp-json\/wp\/v2\/tags?post=72846"}],"curies":[{"name":"wp","href":"https:\/\/api.w.org\/{rel}","templated":true}]}}