{"id":72849,"date":"2019-03-07T14:01:30","date_gmt":"2019-03-07T13:01:30","guid":{"rendered":"https:\/\/zjarr.tv\/?p=72849"},"modified":"2019-03-07T14:01:30","modified_gmt":"2019-03-07T13:01:30","slug":"tirane-sekuestrohet-pasuria-2-2-milione-euro-e-dy-vellezerve","status":"publish","type":"post","link":"https:\/\/zjarr.tv\/sq\/tirane-sekuestrohet-pasuria-2-2-milione-euro-e-dy-vellezerve\/","title":{"rendered":"Tiran\u00eb, sekuestrohet pasuria 2.2 milion\u00eb euro e dy v\u00ebllez\u00ebrve"},"content":{"rendered":"<p>Sekuestrohen n\u00ebnt\u00eb apartamente, dy dyqane dhe nj\u00eb garazh, pasuri k\u00ebto t\u00eb dyshuara t\u00eb p\u00ebrfituara nga t\u00eb ardhura t\u00eb rrjedhura nga aktiviteti kriminal.<\/p>\n<p>Pasurit\u00eb jan\u00eb n\u00eb pron\u00ebsi t\u00eb dy v\u00ebllez\u00ebrve, Albano dhe Alket Gorezi. Operacioni policor u kodua &#8220;Vllaz\u00ebria&#8221; dhe kapin vler\u00ebn e mbi dy milion euro.<\/p>\n<p><em>&#8220;Seksioni p\u00ebr Pastrimin e Parave n\u00eb DVP Tiran\u00eb, n\u00eb bashk\u00ebpunim me Prokurorin\u00eb e Rrethit Gjyq\u00ebsor Tiran\u00eb n\u00eb funksion t\u00eb procedimit penal t\u00eb vitit 2018 \u201cPastrimi i produkteve t\u00eb vepr\u00ebs penale ose veprimtaris\u00eb kriminale\u201d, n\u00eb ngarkim t\u00eb shtetasve A. G., 44 vje\u00e7 dhe A. G., 47 vje\u00e7 (v\u00ebllez\u00ebr), finalizoi operacionin policor t\u00eb koduar \u201cVllaz\u00ebria\u201d, n\u00eb kuad\u00ebr t\u00eb t\u00eb cilit u b\u00eb ekzekutimi i vendimit t\u00eb Gjykat\u00ebs dhe sekuestrimi preventiv i :\u00a0<\/em><em>&#8211; n\u00ebnt\u00eb apartamenteve<\/em><\/p>\n<p><em>&#8211; dy dyqaneve\u00a0<\/em><em>&#8211; nj\u00eb garazhi (t\u00eb ndodhura n\u00eb qytetin e Tiran\u00ebs dhe Durr\u00ebsit t\u00eb cilat kapin vler\u00ebn e dy \u00a0milion e dyqindmij\u00eb euro)&#8221;\u00a0<\/em>thuhet n\u00eb njoftimin e policis\u00eb s\u00eb Tiran\u00ebs<\/p>\n<p>Policia informon se pas nj\u00eb pune disa mujore n\u00eb funksion t\u00eb procedimit t\u00eb rregjistruar duke p\u00ebrdorur metodat speciale t\u00eb hetimit, jan\u00eb identifikuar pasuri t\u00eb cilat nuk justifikoheshin nga ana ekonomike e financiare dhe rridhnin nga aktiviteti kriminal i dy v\u00ebllez\u00ebrve.<\/p>\n","protected":false},"excerpt":{"rendered":"<p>Sekuestrohen n\u00ebnt\u00eb apartamente, dy dyqane dhe nj\u00eb garazh, pasuri k\u00ebto t\u00eb dyshuara t\u00eb p\u00ebrfituara nga t\u00eb ardhura t\u00eb rrjedhura nga aktiviteti kriminal. Pasurit\u00eb jan\u00eb n\u00eb pron\u00ebsi t\u00eb dy v\u00ebllez\u00ebrve, Albano dhe Alket Gorezi. Operacioni policor u kodua &#8220;Vllaz\u00ebria&#8221; dhe kapin vler\u00ebn e mbi dy milion euro. &#8220;Seksioni p\u00ebr Pastrimin e Parave n\u00eb DVP Tiran\u00eb, n\u00eb [&hellip;]<\/p>\n","protected":false},"author":4,"featured_media":72850,"comment_status":"open","ping_status":"closed","sticky":false,"template":"","format":"standard","meta":{"footnotes":""},"categories":[241,231,235],"tags":[],"class_list":{"0":"post-72849","1":"post","2":"type-post","3":"status-publish","4":"format-standard","5":"has-post-thumbnail","7":"category-aktualitet","8":"category-lajme","9":"category-vendi"},"_links":{"self":[{"href":"https:\/\/zjarr.tv\/sq\/wp-json\/wp\/v2\/posts\/72849","targetHints":{"allow":["GET"]}}],"collection":[{"href":"https:\/\/zjarr.tv\/sq\/wp-json\/wp\/v2\/posts"}],"about":[{"href":"https:\/\/zjarr.tv\/sq\/wp-json\/wp\/v2\/types\/post"}],"author":[{"embeddable":true,"href":"https:\/\/zjarr.tv\/sq\/wp-json\/wp\/v2\/users\/4"}],"replies":[{"embeddable":true,"href":"https:\/\/zjarr.tv\/sq\/wp-json\/wp\/v2\/comments?post=72849"}],"version-history":[{"count":0,"href":"https:\/\/zjarr.tv\/sq\/wp-json\/wp\/v2\/posts\/72849\/revisions"}],"wp:featuredmedia":[{"embeddable":true,"href":"https:\/\/zjarr.tv\/sq\/wp-json\/wp\/v2\/media\/72850"}],"wp:attachment":[{"href":"https:\/\/zjarr.tv\/sq\/wp-json\/wp\/v2\/media?parent=72849"}],"wp:term":[{"taxonomy":"category","embeddable":true,"href":"https:\/\/zjarr.tv\/sq\/wp-json\/wp\/v2\/categories?post=72849"},{"taxonomy":"post_tag","embeddable":true,"href":"https:\/\/zjarr.tv\/sq\/wp-json\/wp\/v2\/tags?post=72849"}],"curies":[{"name":"wp","href":"https:\/\/api.w.org\/{rel}","templated":true}]}}