{"id":72852,"date":"2019-03-07T15:43:33","date_gmt":"2019-03-07T14:43:33","guid":{"rendered":"https:\/\/zjarr.tv\/?p=72852"},"modified":"2019-03-07T15:43:33","modified_gmt":"2019-03-07T14:43:33","slug":"gjendet-nje-trup-i-pajete-ne-lumin-shkumbin-dyshimet-e-para","status":"publish","type":"post","link":"https:\/\/zjarr.tv\/sq\/gjendet-nje-trup-i-pajete-ne-lumin-shkumbin-dyshimet-e-para\/","title":{"rendered":"Gjendet nj\u00eb trup i pajet\u00eb n\u00eb lumin Shkumbin, dyshimet e para"},"content":{"rendered":"<p>Trupi i pajet\u00eb i nj\u00eb personi \u00ebsht\u00eb gjetur gjat\u00eb dit\u00ebs s\u00eb sotme n\u00eb lumin Shkumbin n\u00eb qarkun e Elbasanit.<\/p>\n<p>M\u00ebsohet se trupi i pajet\u00eb i p\u00ebrket nj\u00eb t\u00eb moshuari dhe \u00ebsht\u00eb gjetur n\u00eb breg t\u00eb lumit n\u00eb fshatin Muriqan.<\/p>\n<div id=\"videoad\">\n<p>Dyshohet se i moshuari nga Bradasheshi \u00ebsht\u00eb mbytur pak koh\u00eb m\u00eb par\u00eb dhe sot \u00ebsht\u00eb pikasur trupi nga banor\u00ebt.<\/p>\n<\/div>\n","protected":false},"excerpt":{"rendered":"<p>Trupi i pajet\u00eb i nj\u00eb personi \u00ebsht\u00eb gjetur gjat\u00eb dit\u00ebs s\u00eb sotme n\u00eb lumin Shkumbin n\u00eb qarkun e Elbasanit. M\u00ebsohet se trupi i pajet\u00eb i p\u00ebrket nj\u00eb t\u00eb moshuari dhe \u00ebsht\u00eb gjetur n\u00eb breg t\u00eb lumit n\u00eb fshatin Muriqan. Dyshohet se i moshuari nga Bradasheshi \u00ebsht\u00eb mbytur pak koh\u00eb m\u00eb par\u00eb dhe sot \u00ebsht\u00eb pikasur [&hellip;]<\/p>\n","protected":false},"author":4,"featured_media":72854,"comment_status":"open","ping_status":"closed","sticky":false,"template":"","format":"standard","meta":{"footnotes":""},"categories":[241,231,235],"tags":[],"class_list":{"0":"post-72852","1":"post","2":"type-post","3":"status-publish","4":"format-standard","5":"has-post-thumbnail","7":"category-aktualitet","8":"category-lajme","9":"category-vendi"},"_links":{"self":[{"href":"https:\/\/zjarr.tv\/sq\/wp-json\/wp\/v2\/posts\/72852","targetHints":{"allow":["GET"]}}],"collection":[{"href":"https:\/\/zjarr.tv\/sq\/wp-json\/wp\/v2\/posts"}],"about":[{"href":"https:\/\/zjarr.tv\/sq\/wp-json\/wp\/v2\/types\/post"}],"author":[{"embeddable":true,"href":"https:\/\/zjarr.tv\/sq\/wp-json\/wp\/v2\/users\/4"}],"replies":[{"embeddable":true,"href":"https:\/\/zjarr.tv\/sq\/wp-json\/wp\/v2\/comments?post=72852"}],"version-history":[{"count":0,"href":"https:\/\/zjarr.tv\/sq\/wp-json\/wp\/v2\/posts\/72852\/revisions"}],"wp:featuredmedia":[{"embeddable":true,"href":"https:\/\/zjarr.tv\/sq\/wp-json\/wp\/v2\/media\/72854"}],"wp:attachment":[{"href":"https:\/\/zjarr.tv\/sq\/wp-json\/wp\/v2\/media?parent=72852"}],"wp:term":[{"taxonomy":"category","embeddable":true,"href":"https:\/\/zjarr.tv\/sq\/wp-json\/wp\/v2\/categories?post=72852"},{"taxonomy":"post_tag","embeddable":true,"href":"https:\/\/zjarr.tv\/sq\/wp-json\/wp\/v2\/tags?post=72852"}],"curies":[{"name":"wp","href":"https:\/\/api.w.org\/{rel}","templated":true}]}}