{"id":72856,"date":"2019-03-07T16:15:13","date_gmt":"2019-03-07T15:15:13","guid":{"rendered":"https:\/\/zjarr.tv\/?p=72856"},"modified":"2019-03-07T16:15:13","modified_gmt":"2019-03-07T15:15:13","slug":"e-rende-ne-durres-gjendet-nje-trup-i-dekompozuar","status":"publish","type":"post","link":"https:\/\/zjarr.tv\/sq\/e-rende-ne-durres-gjendet-nje-trup-i-dekompozuar\/","title":{"rendered":"E r\u00ebnd\u00eb n\u00eb Durr\u00ebs, gjendet nj\u00eb trup i dekompozuar"},"content":{"rendered":"<p>Nj\u00eb trup i pajet\u00eb \u00ebsht\u00eb gjendur n\u00eb zon\u00ebn e Currilave.\u00a0 Sipas informacionit paraprak t\u00eb dh\u00ebn\u00eb nga policia, b\u00ebhet me dije se trupi i pajet\u00eb mund t\u00eb ket\u00eb mbi 6 muaj n\u00eb gjendje t\u00eb dekompozuar.<\/p>\n<p>Nga hetimet dyshohet\u00a0t\u00eb jet\u00eb i seksit mashkull,\u00a0teksa nuk jan\u00eb konstatuar shenja dhune. Dyshohet se ai mund t\u00eb jet\u00eb nj\u00eb endacak ose bari i zon\u00ebs.<\/p>\n<p>Grupi hetimor ka shkuar menj\u00ebher\u00eb n\u00eb vendngjarje dhe n\u00eb bashk\u00ebpunim me Prokurorin e Rrethit Gjyq\u00ebsor Durr\u00ebs po punojn\u00eb p\u00ebr zbardhjen e ngjarjes.<\/p>\n<p><strong>Informacion Paraprak<\/strong><\/p>\n<p>M\u00eb dat\u00eb 07.03.2019, rreth or\u00ebs 10:30, n\u00eb lagjen Nr 1 , Currila ,Durr\u00ebs, \u00ebsht\u00eb gjetur nj\u00eb kufom\u00eb e rregullt nga ana strukturore por e dekompozuar.<\/p>\n<p>Nga hetimet e para dyshohet t\u00eb jet\u00eb i seksit mashkull dhe nuk jan\u00eb konstatuar shenja dhune .<\/p>\n<p>Grupi Hetimor n\u00eb bashk\u00ebpunim me Prokurorin e Rrethit Gjyq\u00ebsor Durr\u00ebs, po punon p\u00ebr identifikimin e kufom\u00ebs dhe zbardhjen e plot\u00eb t\u00eb shkakut t\u00eb vdekjes.<\/p>\n","protected":false},"excerpt":{"rendered":"<p>Nj\u00eb trup i pajet\u00eb \u00ebsht\u00eb gjendur n\u00eb zon\u00ebn e Currilave.\u00a0 Sipas informacionit paraprak t\u00eb dh\u00ebn\u00eb nga policia, b\u00ebhet me dije se trupi i pajet\u00eb mund t\u00eb ket\u00eb mbi 6 muaj n\u00eb gjendje t\u00eb dekompozuar. Nga hetimet dyshohet\u00a0t\u00eb jet\u00eb i seksit mashkull,\u00a0teksa nuk jan\u00eb konstatuar shenja dhune. Dyshohet se ai mund t\u00eb jet\u00eb nj\u00eb endacak ose [&hellip;]<\/p>\n","protected":false},"author":4,"featured_media":0,"comment_status":"open","ping_status":"closed","sticky":false,"template":"","format":"standard","meta":{"footnotes":""},"categories":[241,231,235],"tags":[],"class_list":{"0":"post-72856","1":"post","2":"type-post","3":"status-publish","4":"format-standard","6":"category-aktualitet","7":"category-lajme","8":"category-vendi"},"_links":{"self":[{"href":"https:\/\/zjarr.tv\/sq\/wp-json\/wp\/v2\/posts\/72856","targetHints":{"allow":["GET"]}}],"collection":[{"href":"https:\/\/zjarr.tv\/sq\/wp-json\/wp\/v2\/posts"}],"about":[{"href":"https:\/\/zjarr.tv\/sq\/wp-json\/wp\/v2\/types\/post"}],"author":[{"embeddable":true,"href":"https:\/\/zjarr.tv\/sq\/wp-json\/wp\/v2\/users\/4"}],"replies":[{"embeddable":true,"href":"https:\/\/zjarr.tv\/sq\/wp-json\/wp\/v2\/comments?post=72856"}],"version-history":[{"count":0,"href":"https:\/\/zjarr.tv\/sq\/wp-json\/wp\/v2\/posts\/72856\/revisions"}],"wp:attachment":[{"href":"https:\/\/zjarr.tv\/sq\/wp-json\/wp\/v2\/media?parent=72856"}],"wp:term":[{"taxonomy":"category","embeddable":true,"href":"https:\/\/zjarr.tv\/sq\/wp-json\/wp\/v2\/categories?post=72856"},{"taxonomy":"post_tag","embeddable":true,"href":"https:\/\/zjarr.tv\/sq\/wp-json\/wp\/v2\/tags?post=72856"}],"curies":[{"name":"wp","href":"https:\/\/api.w.org\/{rel}","templated":true}]}}