{"id":72859,"date":"2019-03-07T16:21:26","date_gmt":"2019-03-07T15:21:26","guid":{"rendered":"https:\/\/zjarr.tv\/?p=72859"},"modified":"2019-03-07T16:21:26","modified_gmt":"2019-03-07T15:21:26","slug":"e-shkuara-e-erret-e-armando-gorezit-qe-iu-bllokuan-2-mln-euro","status":"publish","type":"post","link":"https:\/\/zjarr.tv\/sq\/e-shkuara-e-erret-e-armando-gorezit-qe-iu-bllokuan-2-mln-euro\/","title":{"rendered":"E shkuara e err\u00ebt e Armando Gorezit q\u00eb iu bllokuan 2 mln euro"},"content":{"rendered":"<p>Nj\u00ebri nga dy v\u00ebllez\u00ebrit Gorezi, t\u00eb cil\u00ebve iu sekuestruan sot 9 apartamente, dy\u00a0 dyqane dhe nj\u00eb garazh me vler\u00eb 2.2 milion\u00eb euro pasuri nuk \u00ebsht\u00eb em\u00ebr i panjohur p\u00ebr Policin\u00eb e Shtetit dhe p\u00ebr at\u00eb italiane.<\/p>\n<p>B\u00ebhet fjal\u00eb p\u00ebr Armando Gorezin, i cili u d\u00ebnua nga Gjykata e Shkalles s\u00eb Par\u00eb me 12 vjet burg n\u00eb 2011, por u la i lir\u00eb nga gjykata e Apelit italiane.<\/p>\n<p>N\u00eb gusht t\u00eb vitit 2011 ai dyshohet se ekzekutoi me 6 plumba bashk\u00ebkomb\u00ebsin e tij, Idrit Kuci. 42-vje\u00e7ari shqiptar, u ekstradua drejt Italis\u00eb, pasi ishte arratisur n\u00eb Shqip\u00ebri.<\/p>\n<h2>Ngjarja:<\/h2>\n<p>Ngjarja e r\u00ebnd\u00eb ku mbeti i vrar\u00eb me 6 plumba pistolete shqiptari Idrit Ku\u00e7i ndodhi n\u00eb 6 gusht t\u00eb vitit 2011 n\u00eb Torino t\u00eb Italis\u00eb. Si autor i dyshuar i k\u00ebtij krimi ishte bashkatdhetari Armando Gorezi. Pavar\u00ebsisht se ai u ekstradua n\u00eb Itali, nd\u00ebrsa pas shum\u00eb vitesh hetime, arriti t\u2019i shp\u00ebtonte burgut p\u00ebr munges\u00eb provash.<\/p>\n","protected":false},"excerpt":{"rendered":"<p>Nj\u00ebri nga dy v\u00ebllez\u00ebrit Gorezi, t\u00eb cil\u00ebve iu sekuestruan sot 9 apartamente, dy\u00a0 dyqane dhe nj\u00eb garazh me vler\u00eb 2.2 milion\u00eb euro pasuri nuk \u00ebsht\u00eb em\u00ebr i panjohur p\u00ebr Policin\u00eb e Shtetit dhe p\u00ebr at\u00eb italiane. B\u00ebhet fjal\u00eb p\u00ebr Armando Gorezin, i cili u d\u00ebnua nga Gjykata e Shkalles s\u00eb Par\u00eb me 12 vjet burg [&hellip;]<\/p>\n","protected":false},"author":4,"featured_media":72860,"comment_status":"open","ping_status":"closed","sticky":false,"template":"","format":"standard","meta":{"footnotes":""},"categories":[241,231,235],"tags":[],"class_list":{"0":"post-72859","1":"post","2":"type-post","3":"status-publish","4":"format-standard","5":"has-post-thumbnail","7":"category-aktualitet","8":"category-lajme","9":"category-vendi"},"_links":{"self":[{"href":"https:\/\/zjarr.tv\/sq\/wp-json\/wp\/v2\/posts\/72859","targetHints":{"allow":["GET"]}}],"collection":[{"href":"https:\/\/zjarr.tv\/sq\/wp-json\/wp\/v2\/posts"}],"about":[{"href":"https:\/\/zjarr.tv\/sq\/wp-json\/wp\/v2\/types\/post"}],"author":[{"embeddable":true,"href":"https:\/\/zjarr.tv\/sq\/wp-json\/wp\/v2\/users\/4"}],"replies":[{"embeddable":true,"href":"https:\/\/zjarr.tv\/sq\/wp-json\/wp\/v2\/comments?post=72859"}],"version-history":[{"count":0,"href":"https:\/\/zjarr.tv\/sq\/wp-json\/wp\/v2\/posts\/72859\/revisions"}],"wp:featuredmedia":[{"embeddable":true,"href":"https:\/\/zjarr.tv\/sq\/wp-json\/wp\/v2\/media\/72860"}],"wp:attachment":[{"href":"https:\/\/zjarr.tv\/sq\/wp-json\/wp\/v2\/media?parent=72859"}],"wp:term":[{"taxonomy":"category","embeddable":true,"href":"https:\/\/zjarr.tv\/sq\/wp-json\/wp\/v2\/categories?post=72859"},{"taxonomy":"post_tag","embeddable":true,"href":"https:\/\/zjarr.tv\/sq\/wp-json\/wp\/v2\/tags?post=72859"}],"curies":[{"name":"wp","href":"https:\/\/api.w.org\/{rel}","templated":true}]}}