{"id":72872,"date":"2019-03-07T17:16:00","date_gmt":"2019-03-07T16:16:00","guid":{"rendered":"https:\/\/zjarr.tv\/?p=72872"},"modified":"2019-03-07T17:16:00","modified_gmt":"2019-03-07T16:16:00","slug":"qsut-denon-dhunen-ndaj-mjekes-rast-i-perseritur","status":"publish","type":"post","link":"https:\/\/zjarr.tv\/sq\/qsut-denon-dhunen-ndaj-mjekes-rast-i-perseritur\/","title":{"rendered":"QSUT d\u00ebnon dhun\u00ebn ndaj mjekes: Rast i p\u00ebrs\u00ebritur"},"content":{"rendered":"<p>Drejtoria e QSUT ka d\u00ebnuar dhun\u00ebn e ushtruar ndaj mjekes specializante t\u00eb Klinik\u00ebs s\u00eb par\u00eb t\u00eb Kirurgjis\u00eb gjat\u00eb ushtrimit t\u00eb detyr\u00ebs n\u00eb Urgjenc\u00ebn Kirurgjikale. N\u00eb nj\u00eb reagim QSUT, sqaron se\u00a0<em>&#8220;nj\u00eb person i dehur, i pap\u00ebrgjegjsh\u00ebm, i af\u00ebrm i nj\u00eb pacienteje e cila po merrte sh\u00ebrbim mjek\u00ebsor, ka dhunuar mjeken dhe m\u00eb pas \u00ebsht\u00eb konfliktuar edhe me forcat e rendit, t\u00eb cil\u00ebt ushtrojn\u00eb detyr\u00ebn e tyre n\u00eb sh\u00ebrbimin e Urgjenc\u00ebs Kirurgjikale&#8221;<\/em><\/p>\n<p>QSUT thot\u00eb se ky nuk \u00ebsht\u00eb nj\u00eb rast i izoluar por \u00ebsht\u00eb rast i p\u00ebrs\u00ebritur, q\u00eb mjek\u00eb dhe infermier\u00eb t\u00eb spitalit ton\u00eb dhunohen n\u00eb krye t\u00eb detyr\u00ebs. Drejtoria e QSUT u b\u00ebn thirrje organeve kompetente t\u00eb zbardhin ngjarjen dhe autor\u00ebt t\u00eb marrin d\u00ebnimin e merituar.<\/p>\n<p><em>&#8220;Nj\u00eb apel t\u00eb fort\u00eb i b\u00ebjm\u00eb opinionit publik, t\u00eb mir\u00ebkuptojn\u00eb dhe p\u00ebrkrahin bluzat e bardha gjat\u00eb pun\u00ebs s\u00eb tyre, t\u00eb cil\u00ebt pavar\u00ebsisht situatave t\u00eb krijuara, n\u00eb asnj\u00eb rast nuk neglizhojn\u00eb misionin human, at\u00eb t\u00eb dh\u00ebnies s\u00eb ndihm\u00ebs s\u00eb par\u00eb dhe shp\u00ebtimin e jet\u00ebve njer\u00ebzore&#8221;,<\/em>\u00a0mbyll reagimin QSUT-ja.<\/p>\n<p>&nbsp;<\/p>\n","protected":false},"excerpt":{"rendered":"<p>Drejtoria e QSUT ka d\u00ebnuar dhun\u00ebn e ushtruar ndaj mjekes specializante t\u00eb Klinik\u00ebs s\u00eb par\u00eb t\u00eb Kirurgjis\u00eb gjat\u00eb ushtrimit t\u00eb detyr\u00ebs n\u00eb Urgjenc\u00ebn Kirurgjikale. N\u00eb nj\u00eb reagim QSUT, sqaron se\u00a0&#8220;nj\u00eb person i dehur, i pap\u00ebrgjegjsh\u00ebm, i af\u00ebrm i nj\u00eb pacienteje e cila po merrte sh\u00ebrbim mjek\u00ebsor, ka dhunuar mjeken dhe m\u00eb pas \u00ebsht\u00eb konfliktuar edhe [&hellip;]<\/p>\n","protected":false},"author":2013,"featured_media":70438,"comment_status":"open","ping_status":"closed","sticky":false,"template":"","format":"standard","meta":{"footnotes":""},"categories":[241,235],"tags":[],"class_list":{"0":"post-72872","1":"post","2":"type-post","3":"status-publish","4":"format-standard","5":"has-post-thumbnail","7":"category-aktualitet","8":"category-vendi"},"_links":{"self":[{"href":"https:\/\/zjarr.tv\/sq\/wp-json\/wp\/v2\/posts\/72872","targetHints":{"allow":["GET"]}}],"collection":[{"href":"https:\/\/zjarr.tv\/sq\/wp-json\/wp\/v2\/posts"}],"about":[{"href":"https:\/\/zjarr.tv\/sq\/wp-json\/wp\/v2\/types\/post"}],"author":[{"embeddable":true,"href":"https:\/\/zjarr.tv\/sq\/wp-json\/wp\/v2\/users\/2013"}],"replies":[{"embeddable":true,"href":"https:\/\/zjarr.tv\/sq\/wp-json\/wp\/v2\/comments?post=72872"}],"version-history":[{"count":0,"href":"https:\/\/zjarr.tv\/sq\/wp-json\/wp\/v2\/posts\/72872\/revisions"}],"wp:featuredmedia":[{"embeddable":true,"href":"https:\/\/zjarr.tv\/sq\/wp-json\/wp\/v2\/media\/70438"}],"wp:attachment":[{"href":"https:\/\/zjarr.tv\/sq\/wp-json\/wp\/v2\/media?parent=72872"}],"wp:term":[{"taxonomy":"category","embeddable":true,"href":"https:\/\/zjarr.tv\/sq\/wp-json\/wp\/v2\/categories?post=72872"},{"taxonomy":"post_tag","embeddable":true,"href":"https:\/\/zjarr.tv\/sq\/wp-json\/wp\/v2\/tags?post=72872"}],"curies":[{"name":"wp","href":"https:\/\/api.w.org\/{rel}","templated":true}]}}