{"id":72874,"date":"2019-03-07T17:17:53","date_gmt":"2019-03-07T16:17:53","guid":{"rendered":"https:\/\/zjarr.tv\/?p=72874"},"modified":"2019-03-07T17:17:53","modified_gmt":"2019-03-07T16:17:53","slug":"jeta-e-britanikeve-u-perkeqesua-pas-votimit-pro-brexit","status":"publish","type":"post","link":"https:\/\/zjarr.tv\/sq\/jeta-e-britanikeve-u-perkeqesua-pas-votimit-pro-brexit\/","title":{"rendered":"Jeta e britanik\u00ebve u p\u00ebrkeq\u00ebsua pas votimit \u201cpro\u201d brexit"},"content":{"rendered":"<p>Votimi n\u00eb referendum p\u00ebr daljen e Britanis\u00eb nga Bashkimi Europian, ka ndikuar drejtp\u00ebrdrejt n\u00eb jet\u00ebn e anglez\u00ebve. Sipas t\u00eb dh\u00ebnave t\u00eb Zyr\u00ebs p\u00ebr Statistika Komb\u00ebtare b\u00ebhet e ditur se p\u00ebrpara votimit jeta n\u00eb Britani po p\u00ebrmir\u00ebsohej. Deri n\u00eb vitin 2016, njer\u00ebzit n\u00eb Britani u ndien mesatarisht m\u00eb mir\u00eb p\u00ebr jet\u00ebn e tyre, duke g\u00ebzuar sh\u00ebndet m\u00eb t\u00eb mir\u00eb mendor, duke u ndier m\u00eb pak t\u00eb vetmuar dhe m\u00eb t\u00eb lidhur me fqinj\u00ebt e tyre. Zyra p\u00ebr Statistikat Komb\u00ebtare ka arritur n\u00eb p\u00ebrfundimin se p\u00ebr t\u00eb gjitha k\u00ebto masa, mes viteve 2011-2016, gj\u00ebrat po p\u00ebrmir\u00ebsoheshin dhe lumturia e popullsis\u00eb n\u00eb Mbret\u00ebrin\u00eb e Bashkuar ishte n\u00eb p\u00ebrputhje me at\u00eb t\u00eb fqinj\u00ebve t\u00eb saj t\u00eb Bashkimit Europian. Por gjith\u00e7ka duket se u p\u00ebrmbys q\u00eb pas vot\u00ebs pro \u201cBrexit\u201d. Q\u00eb nga fundi i vitit 2017, indeksi i m\u00ebnyr\u00ebs s\u00eb t\u00eb jetuarit \u00ebsht\u00eb ulur ndjesh\u00ebm p\u00ebr qytetar\u00ebt britanik\u00eb. Nivelet e ankthit u rrit\u00ebn n\u00eb prag t\u00eb referendumit dhe vazhduan t\u00eb tilla duke kulmuar n\u00eb fund t\u00eb 2017-\u00ebs. N\u00eb pranver\u00eb t\u00eb vitit 2018, njer\u00ebzit pat\u00ebn besim tek ushtria, policia dhe gjykatat m\u00eb shum\u00eb se BE, qeveria dhe parlamenti n\u00eb Mbret\u00ebrin\u00eb e Bashkuar. Nd\u00ebrkoh\u00eb, sipas votimit, n\u00eb 29 mars do t\u00eb aktivizoj\u00eb procesin e largimit nga Bashkimi Europian.<\/p>\n<p>&nbsp;<\/p>\n","protected":false},"excerpt":{"rendered":"<p>Votimi n\u00eb referendum p\u00ebr daljen e Britanis\u00eb nga Bashkimi Europian, ka ndikuar drejtp\u00ebrdrejt n\u00eb jet\u00ebn e anglez\u00ebve. Sipas t\u00eb dh\u00ebnave t\u00eb Zyr\u00ebs p\u00ebr Statistika Komb\u00ebtare b\u00ebhet e ditur se p\u00ebrpara votimit jeta n\u00eb Britani po p\u00ebrmir\u00ebsohej. Deri n\u00eb vitin 2016, njer\u00ebzit n\u00eb Britani u ndien mesatarisht m\u00eb mir\u00eb p\u00ebr jet\u00ebn e tyre, duke g\u00ebzuar sh\u00ebndet [&hellip;]<\/p>\n","protected":false},"author":2013,"featured_media":63025,"comment_status":"open","ping_status":"closed","sticky":false,"template":"","format":"standard","meta":{"footnotes":""},"categories":[241,191],"tags":[],"class_list":{"0":"post-72874","1":"post","2":"type-post","3":"status-publish","4":"format-standard","5":"has-post-thumbnail","7":"category-aktualitet","8":"category-bota"},"_links":{"self":[{"href":"https:\/\/zjarr.tv\/sq\/wp-json\/wp\/v2\/posts\/72874","targetHints":{"allow":["GET"]}}],"collection":[{"href":"https:\/\/zjarr.tv\/sq\/wp-json\/wp\/v2\/posts"}],"about":[{"href":"https:\/\/zjarr.tv\/sq\/wp-json\/wp\/v2\/types\/post"}],"author":[{"embeddable":true,"href":"https:\/\/zjarr.tv\/sq\/wp-json\/wp\/v2\/users\/2013"}],"replies":[{"embeddable":true,"href":"https:\/\/zjarr.tv\/sq\/wp-json\/wp\/v2\/comments?post=72874"}],"version-history":[{"count":0,"href":"https:\/\/zjarr.tv\/sq\/wp-json\/wp\/v2\/posts\/72874\/revisions"}],"wp:featuredmedia":[{"embeddable":true,"href":"https:\/\/zjarr.tv\/sq\/wp-json\/wp\/v2\/media\/63025"}],"wp:attachment":[{"href":"https:\/\/zjarr.tv\/sq\/wp-json\/wp\/v2\/media?parent=72874"}],"wp:term":[{"taxonomy":"category","embeddable":true,"href":"https:\/\/zjarr.tv\/sq\/wp-json\/wp\/v2\/categories?post=72874"},{"taxonomy":"post_tag","embeddable":true,"href":"https:\/\/zjarr.tv\/sq\/wp-json\/wp\/v2\/tags?post=72874"}],"curies":[{"name":"wp","href":"https:\/\/api.w.org\/{rel}","templated":true}]}}