{"id":72880,"date":"2019-03-07T17:28:39","date_gmt":"2019-03-07T16:28:39","guid":{"rendered":"https:\/\/zjarr.tv\/?p=72880"},"modified":"2019-03-07T17:28:39","modified_gmt":"2019-03-07T16:28:39","slug":"maduro-largon-nga-vendi-ambasadorin-venezuelian","status":"publish","type":"post","link":"https:\/\/zjarr.tv\/sq\/maduro-largon-nga-vendi-ambasadorin-venezuelian\/","title":{"rendered":"Maduro, largon nga vendi ambasadorin venezuelian"},"content":{"rendered":"<p>Qeveria venezueliane urdh\u00ebroi largimin nga vendi t\u00eb ambasadorit t\u00eb gjermanis\u00eb, Martin Kriener, p\u00ebr shkak t\u00eb mb\u00ebshtetjes ndaj udh\u00ebheq\u00ebsit t\u00eb opozit\u00ebs Juan Guaido. Maduro i ka dh\u00ebn\u00eb afat diplomatit 48 or\u00eb p\u00ebr largimin nga vendi ndersa e akuzon per nd\u00ebrhyrje n\u00eb pun\u00ebt e brendshme t\u00eb vendit. Urdh\u00ebri vjen disa or\u00eb pas takimit t\u00eb ambasadorit gjerman me presidentin e ri t\u00eb vet\u00ebshpallur dhe t\u00eb mb\u00ebshtetur nga Shba-t\u00eb e 50 vende t\u00eb tjera. Situata n\u00eb Venezuel\u00eb \u00ebsht\u00eb p\u00ebrkeq\u00ebsuar q\u00eb nga 10 janari, kur Nicolas Maduro b\u00ebri betimin p\u00ebr mandatin e dyt\u00eb.<\/p>\n<p>&nbsp;<\/p>\n","protected":false},"excerpt":{"rendered":"<p>Qeveria venezueliane urdh\u00ebroi largimin nga vendi t\u00eb ambasadorit t\u00eb gjermanis\u00eb, Martin Kriener, p\u00ebr shkak t\u00eb mb\u00ebshtetjes ndaj udh\u00ebheq\u00ebsit t\u00eb opozit\u00ebs Juan Guaido. Maduro i ka dh\u00ebn\u00eb afat diplomatit 48 or\u00eb p\u00ebr largimin nga vendi ndersa e akuzon per nd\u00ebrhyrje n\u00eb pun\u00ebt e brendshme t\u00eb vendit. Urdh\u00ebri vjen disa or\u00eb pas takimit t\u00eb ambasadorit gjerman me [&hellip;]<\/p>\n","protected":false},"author":2013,"featured_media":65677,"comment_status":"open","ping_status":"closed","sticky":false,"template":"","format":"standard","meta":{"footnotes":""},"categories":[241,191],"tags":[],"class_list":{"0":"post-72880","1":"post","2":"type-post","3":"status-publish","4":"format-standard","5":"has-post-thumbnail","7":"category-aktualitet","8":"category-bota"},"_links":{"self":[{"href":"https:\/\/zjarr.tv\/sq\/wp-json\/wp\/v2\/posts\/72880","targetHints":{"allow":["GET"]}}],"collection":[{"href":"https:\/\/zjarr.tv\/sq\/wp-json\/wp\/v2\/posts"}],"about":[{"href":"https:\/\/zjarr.tv\/sq\/wp-json\/wp\/v2\/types\/post"}],"author":[{"embeddable":true,"href":"https:\/\/zjarr.tv\/sq\/wp-json\/wp\/v2\/users\/2013"}],"replies":[{"embeddable":true,"href":"https:\/\/zjarr.tv\/sq\/wp-json\/wp\/v2\/comments?post=72880"}],"version-history":[{"count":0,"href":"https:\/\/zjarr.tv\/sq\/wp-json\/wp\/v2\/posts\/72880\/revisions"}],"wp:featuredmedia":[{"embeddable":true,"href":"https:\/\/zjarr.tv\/sq\/wp-json\/wp\/v2\/media\/65677"}],"wp:attachment":[{"href":"https:\/\/zjarr.tv\/sq\/wp-json\/wp\/v2\/media?parent=72880"}],"wp:term":[{"taxonomy":"category","embeddable":true,"href":"https:\/\/zjarr.tv\/sq\/wp-json\/wp\/v2\/categories?post=72880"},{"taxonomy":"post_tag","embeddable":true,"href":"https:\/\/zjarr.tv\/sq\/wp-json\/wp\/v2\/tags?post=72880"}],"curies":[{"name":"wp","href":"https:\/\/api.w.org\/{rel}","templated":true}]}}