{"id":72885,"date":"2019-03-07T17:36:49","date_gmt":"2019-03-07T16:36:49","guid":{"rendered":"https:\/\/zjarr.tv\/?p=72885"},"modified":"2019-03-07T17:36:49","modified_gmt":"2019-03-07T16:36:49","slug":"ministri-serb-be-nuk-i-intereson-marreveshja-me-kosoven","status":"publish","type":"post","link":"https:\/\/zjarr.tv\/sq\/ministri-serb-be-nuk-i-intereson-marreveshja-me-kosoven\/","title":{"rendered":"Ministri serb: BE nuk i intereson marr\u00ebveshja me Kosov\u00ebn"},"content":{"rendered":"<p>&nbsp;<\/p>\n<p>Ministri i Pun\u00ebve t\u00eb Jashtme t\u00eb Serbis\u00eb, Ivica Da\u00e7i\u00e7, ka akuzuar shtetet e Bashkimit Evropian se po luajn\u00eb loj\u00eb t\u00eb dyfisht\u00eb dhe se nuk jan\u00eb t\u00eb interesuara p\u00ebr ta zgjidhur \u00e7\u00ebshtjen nd\u00ebrmjet Kosov\u00ebs dhe Serbis\u00eb.<\/p>\n<p>K\u00ebto deklarata ai i ka b\u00ebr\u00eb n\u00eb prag t\u00eb vizit\u00ebs s\u00eb diplomatit amerikan, David Hale, duke vler\u00ebsuar lart\u00a0angazhimin e Shteteve t\u00eb Bashkuara t\u00eb Amerik\u00ebs p\u00ebr zgjidhjen e \u00e7\u00ebshtjes s\u00eb Kosov\u00ebs, shkruan Tanjug. Ai ka th\u00ebn\u00eb se Shtetet e Bashkuara mund t\u00eb kontribuojn\u00eb n\u00eb vazhdimin e procesit t\u00eb bisedimeve, por vet\u00ebm n\u00ebse ndihmojn\u00eb n\u00eb heqjen e\u00a0vendimit p\u00ebr taks\u00ebn t\u00eb vendosur nga Qeveria e Ramush Haradinajt n\u00eb n\u00ebntorin e vitit t\u00eb kaluar. David Hale do t\u00eb zhvilloj\u00eb vizita n\u00eb Beograd dhe Prishtin\u00eb n\u00eb datat 8 dhe 9 mars. N\u00eb nj\u00eb intervist\u00eb t\u00eb dh\u00ebn\u00eb sot p\u00ebr \u201cDanas\u201d, Hale ka th\u00ebn\u00eb se Kosova duhet t\u00eb heq\u00eb vendimin p\u00ebr taks\u00ebn n\u00eb m\u00ebnyr\u00eb q\u00eb t\u00eb vazhdoj\u00eb dialogu i Brukselit, pasi, sipas tij, tashm\u00eb \u00ebsht\u00eb koha q\u00eb p\u00ebrfundimisht t\u00eb arrihet nj\u00eb marr\u00ebveshje finale Kosov\u00eb \u2013 Serbi.<\/p>\n<p>&nbsp;<\/p>\n<p>&nbsp;<\/p>\n","protected":false},"excerpt":{"rendered":"<p>&nbsp; Ministri i Pun\u00ebve t\u00eb Jashtme t\u00eb Serbis\u00eb, Ivica Da\u00e7i\u00e7, ka akuzuar shtetet e Bashkimit Evropian se po luajn\u00eb loj\u00eb t\u00eb dyfisht\u00eb dhe se nuk jan\u00eb t\u00eb interesuara p\u00ebr ta zgjidhur \u00e7\u00ebshtjen nd\u00ebrmjet Kosov\u00ebs dhe Serbis\u00eb. K\u00ebto deklarata ai i ka b\u00ebr\u00eb n\u00eb prag t\u00eb vizit\u00ebs s\u00eb diplomatit amerikan, David Hale, duke vler\u00ebsuar lart\u00a0angazhimin e [&hellip;]<\/p>\n","protected":false},"author":2013,"featured_media":0,"comment_status":"open","ping_status":"closed","sticky":false,"template":"","format":"standard","meta":{"footnotes":""},"categories":[241,2],"tags":[],"class_list":{"0":"post-72885","1":"post","2":"type-post","3":"status-publish","4":"format-standard","6":"category-aktualitet","7":"category-rajoni"},"_links":{"self":[{"href":"https:\/\/zjarr.tv\/sq\/wp-json\/wp\/v2\/posts\/72885","targetHints":{"allow":["GET"]}}],"collection":[{"href":"https:\/\/zjarr.tv\/sq\/wp-json\/wp\/v2\/posts"}],"about":[{"href":"https:\/\/zjarr.tv\/sq\/wp-json\/wp\/v2\/types\/post"}],"author":[{"embeddable":true,"href":"https:\/\/zjarr.tv\/sq\/wp-json\/wp\/v2\/users\/2013"}],"replies":[{"embeddable":true,"href":"https:\/\/zjarr.tv\/sq\/wp-json\/wp\/v2\/comments?post=72885"}],"version-history":[{"count":0,"href":"https:\/\/zjarr.tv\/sq\/wp-json\/wp\/v2\/posts\/72885\/revisions"}],"wp:attachment":[{"href":"https:\/\/zjarr.tv\/sq\/wp-json\/wp\/v2\/media?parent=72885"}],"wp:term":[{"taxonomy":"category","embeddable":true,"href":"https:\/\/zjarr.tv\/sq\/wp-json\/wp\/v2\/categories?post=72885"},{"taxonomy":"post_tag","embeddable":true,"href":"https:\/\/zjarr.tv\/sq\/wp-json\/wp\/v2\/tags?post=72885"}],"curies":[{"name":"wp","href":"https:\/\/api.w.org\/{rel}","templated":true}]}}