{"id":72890,"date":"2019-03-07T18:12:42","date_gmt":"2019-03-07T17:12:42","guid":{"rendered":"https:\/\/zjarr.tv\/?p=72890"},"modified":"2019-03-07T18:12:42","modified_gmt":"2019-03-07T17:12:42","slug":"fermeret-bllokojne-aksin-korce-bilisht","status":"publish","type":"post","link":"https:\/\/zjarr.tv\/sq\/fermeret-bllokojne-aksin-korce-bilisht\/","title":{"rendered":"Fermer\u00ebt bllokojn\u00eb aksin Kor\u00e7\u00eb-Bilisht"},"content":{"rendered":"<p>Fermer\u00ebt e Kor\u00e7\u00ebs kan\u00eb dal\u00eb n\u00eb protest\u00eb, duke bllokuar aksin nacional Kor\u00e7\u00eb-Bilisht, n\u00eb af\u00ebrsi \u00a0fshatit Prog\u00ebr. Ata protestojn\u00eb dhe ankohen p\u00ebr munges\u00ebn e tregut p\u00ebr prodhimet e tyre bujq\u00ebsore. Bllokimi i rrug\u00ebs nga ana e fermer\u00ebve ka shkaktuar trafik p\u00ebr automjetet.<\/p>\n","protected":false},"excerpt":{"rendered":"<p>Fermer\u00ebt e Kor\u00e7\u00ebs kan\u00eb dal\u00eb n\u00eb protest\u00eb, duke bllokuar aksin nacional Kor\u00e7\u00eb-Bilisht, n\u00eb af\u00ebrsi \u00a0fshatit Prog\u00ebr. Ata protestojn\u00eb dhe ankohen p\u00ebr munges\u00ebn e tregut p\u00ebr prodhimet e tyre bujq\u00ebsore. Bllokimi i rrug\u00ebs nga ana e fermer\u00ebve ka shkaktuar trafik p\u00ebr automjetet.<\/p>\n","protected":false},"author":2013,"featured_media":72891,"comment_status":"open","ping_status":"closed","sticky":false,"template":"","format":"standard","meta":{"footnotes":""},"categories":[241,235],"tags":[],"class_list":{"0":"post-72890","1":"post","2":"type-post","3":"status-publish","4":"format-standard","5":"has-post-thumbnail","7":"category-aktualitet","8":"category-vendi"},"_links":{"self":[{"href":"https:\/\/zjarr.tv\/sq\/wp-json\/wp\/v2\/posts\/72890","targetHints":{"allow":["GET"]}}],"collection":[{"href":"https:\/\/zjarr.tv\/sq\/wp-json\/wp\/v2\/posts"}],"about":[{"href":"https:\/\/zjarr.tv\/sq\/wp-json\/wp\/v2\/types\/post"}],"author":[{"embeddable":true,"href":"https:\/\/zjarr.tv\/sq\/wp-json\/wp\/v2\/users\/2013"}],"replies":[{"embeddable":true,"href":"https:\/\/zjarr.tv\/sq\/wp-json\/wp\/v2\/comments?post=72890"}],"version-history":[{"count":0,"href":"https:\/\/zjarr.tv\/sq\/wp-json\/wp\/v2\/posts\/72890\/revisions"}],"wp:featuredmedia":[{"embeddable":true,"href":"https:\/\/zjarr.tv\/sq\/wp-json\/wp\/v2\/media\/72891"}],"wp:attachment":[{"href":"https:\/\/zjarr.tv\/sq\/wp-json\/wp\/v2\/media?parent=72890"}],"wp:term":[{"taxonomy":"category","embeddable":true,"href":"https:\/\/zjarr.tv\/sq\/wp-json\/wp\/v2\/categories?post=72890"},{"taxonomy":"post_tag","embeddable":true,"href":"https:\/\/zjarr.tv\/sq\/wp-json\/wp\/v2\/tags?post=72890"}],"curies":[{"name":"wp","href":"https:\/\/api.w.org\/{rel}","templated":true}]}}