{"id":72893,"date":"2019-03-07T18:29:04","date_gmt":"2019-03-07T17:29:04","guid":{"rendered":"https:\/\/zjarr.tv\/?p=72893"},"modified":"2019-03-07T18:29:04","modified_gmt":"2019-03-07T17:29:04","slug":"klosi-ne-panairin-e-turizmit-te-jemi-konkurues-ne-rajon","status":"publish","type":"post","link":"https:\/\/zjarr.tv\/sq\/klosi-ne-panairin-e-turizmit-te-jemi-konkurues-ne-rajon\/","title":{"rendered":"Klosi n\u00eb panairin e turizmit: T\u00eb jemi konkurues n\u00eb rajon"},"content":{"rendered":"<p>Mes 180 shtetesh n\u00eb panairin nd\u00ebrkomb\u00ebtar\u00eb t\u00eb turizmit n\u00eb Berlin, edhe shqip\u00ebria shpalosi oferten e saj . Ministri Blendi Klosi e vuri theksin tek rek renedias e fushatave promovuse pasi tutrizmi eshte nje nga sektoret me te rendesishem per ekonomine e vendit.<\/p>\n<p>\u201cT\u00eb p\u00ebrpiqemi t\u00eb kuptojm\u00eb q\u00eb promovimi i Shqip\u00ebris\u00eb turistike \u00ebsht\u00eb nj\u00eb mund\u00ebsi e art\u00eb jo vet\u00ebm p\u00ebr t\u00eb b\u00ebr\u00eb biznesin e hoteleris\u00eb, por kemi shum\u00eb t\u00eb nevojshme t\u00eb kuptojm\u00eb q\u00eb i gjith\u00eb ky biznes i sh\u00ebrben Shqip\u00ebris\u00eb p\u00ebr t\u00eb promovuar vlerat e saj, \u00ebsht\u00eb nj\u00eb ekonomi e r\u00ebnd\u00ebsishme p\u00ebr ekonomin\u00eb e vendit, \u00ebsht\u00eb nj\u00eb mund\u00ebsi p\u00ebr t\u00eb shtuar biznesin, p\u00ebr t\u00eb shtuar pun\u00ebsim.\u201d<\/p>\n<p>Klosi b\u00ebri thirrje p\u00ebr bashk\u00ebpunim mes institucioneve dhe bizneseve private, p\u00ebr ta shnd\u00ebrruar Shqiperine n\u00eb nj\u00eb destinacion t\u00eb q\u00ebndrueshem turistik.<\/p>\n<p>\u201cP\u00ebr t\u00eb qen\u00eb t\u00eb q\u00ebndruesh\u00ebm n\u00eb tregun ballkanik ne duhet t\u00eb kuptojm\u00eb q\u00eb jemi t\u00eb rrezikuar edhe nga konkurrenca e vendeve pran\u00eb nesh, prandaj duhet t\u00eb promovojm\u00eb Shqip\u00ebrin\u00eb, por nj\u00ebkoh\u00ebsisht t\u00eb kuptojm\u00eb s\u00eb bashku se \u00e7far\u00eb duhet t\u00eb b\u00ebjm\u00eb si institucione qendrore dhe t\u00eb biznesit privat p\u00ebr t\u00eb siguruar nj\u00eb destinacion t\u00eb q\u00ebndruesh\u00ebm n\u00eb vendin ton\u00eb.\u201d<\/p>\n<p>Sipas ministrit Blendi Klosi Shqiperia synon te jete konkuruese ne turizem jo vetem ne rajon por edhe ne Europe.<\/p>\n","protected":false},"excerpt":{"rendered":"<p>Mes 180 shtetesh n\u00eb panairin nd\u00ebrkomb\u00ebtar\u00eb t\u00eb turizmit n\u00eb Berlin, edhe shqip\u00ebria shpalosi oferten e saj . Ministri Blendi Klosi e vuri theksin tek rek renedias e fushatave promovuse pasi tutrizmi eshte nje nga sektoret me te rendesishem per ekonomine e vendit. \u201cT\u00eb p\u00ebrpiqemi t\u00eb kuptojm\u00eb q\u00eb promovimi i Shqip\u00ebris\u00eb turistike \u00ebsht\u00eb nj\u00eb mund\u00ebsi e [&hellip;]<\/p>\n","protected":false},"author":2013,"featured_media":72894,"comment_status":"open","ping_status":"closed","sticky":false,"template":"","format":"standard","meta":{"footnotes":""},"categories":[241,235],"tags":[],"class_list":{"0":"post-72893","1":"post","2":"type-post","3":"status-publish","4":"format-standard","5":"has-post-thumbnail","7":"category-aktualitet","8":"category-vendi"},"_links":{"self":[{"href":"https:\/\/zjarr.tv\/sq\/wp-json\/wp\/v2\/posts\/72893","targetHints":{"allow":["GET"]}}],"collection":[{"href":"https:\/\/zjarr.tv\/sq\/wp-json\/wp\/v2\/posts"}],"about":[{"href":"https:\/\/zjarr.tv\/sq\/wp-json\/wp\/v2\/types\/post"}],"author":[{"embeddable":true,"href":"https:\/\/zjarr.tv\/sq\/wp-json\/wp\/v2\/users\/2013"}],"replies":[{"embeddable":true,"href":"https:\/\/zjarr.tv\/sq\/wp-json\/wp\/v2\/comments?post=72893"}],"version-history":[{"count":0,"href":"https:\/\/zjarr.tv\/sq\/wp-json\/wp\/v2\/posts\/72893\/revisions"}],"wp:featuredmedia":[{"embeddable":true,"href":"https:\/\/zjarr.tv\/sq\/wp-json\/wp\/v2\/media\/72894"}],"wp:attachment":[{"href":"https:\/\/zjarr.tv\/sq\/wp-json\/wp\/v2\/media?parent=72893"}],"wp:term":[{"taxonomy":"category","embeddable":true,"href":"https:\/\/zjarr.tv\/sq\/wp-json\/wp\/v2\/categories?post=72893"},{"taxonomy":"post_tag","embeddable":true,"href":"https:\/\/zjarr.tv\/sq\/wp-json\/wp\/v2\/tags?post=72893"}],"curies":[{"name":"wp","href":"https:\/\/api.w.org\/{rel}","templated":true}]}}