{"id":72906,"date":"2019-03-08T11:47:41","date_gmt":"2019-03-08T10:47:41","guid":{"rendered":"https:\/\/zjarr.tv\/?p=72906"},"modified":"2019-03-08T11:57:53","modified_gmt":"2019-03-08T10:57:53","slug":"ekskluzive-dosja-2-e-dash-xhikes-36-8-milione-e-dem-me-rrugen-tirane-elbasan","status":"publish","type":"post","link":"https:\/\/zjarr.tv\/sq\/ekskluzive-dosja-2-e-dash-xhikes-36-8-milione-e-dem-me-rrugen-tirane-elbasan\/","title":{"rendered":"Dosja 2 e Dash Xhik\u00ebs, 36.8 milion\u00eb \u20ac d\u00ebm me rrug\u00ebn Tiran\u00eb-Elbasan"},"content":{"rendered":"<p>Dosja nr.2 e hapur n\u00eb prokurorin\u00eb e Tiran\u00ebs kund\u00ebr ish-drejtorit t\u00eb P\u00ebrgjithsh\u00ebm t\u00eb ARRSH, nj\u00ebher\u00ebsh ish-kryetar i LSI n\u00eb Elbasan Dashamir Xhika, \u00ebsht\u00eb \u00e7uar n\u00eb gjykat\u00eb dhe tashm\u00eb ky zyrtar \u00ebsht\u00eb mar\u00eb i pandehur p\u00ebr akuz\u00ebn e \u201cShp\u00ebrdorimit t\u00eb detyr\u00ebs\u201d.<\/p>\n<p>N\u00eb dosjen penale t\u00eb prokuroris\u00eb, Xhika \u00ebsht\u00eb i pandehur me dy persona t\u00eb tjer\u00eb zyrtar\u00eb t\u00eb ARRSH Aksel Qorduka dhe Albens Alite, t\u00eb cil\u00ebt n\u00eb bashk\u00ebpunim me nj\u00ebri-tjetrin, kan\u00eb nd\u00ebrmar\u00eb nj\u00eb s\u00ebr\u00eb veprimesh t\u00eb paligjshme, gjat\u00eb nd\u00ebrtimit t\u00eb rrug\u00ebs Tiran\u00eb-Elbasan, duke shkaktuar nj\u00eb d\u00ebm financiar n\u00eb buxhetin e shtetit prej 36.8 milion dollar\u00eb. Kjo \u00ebsht\u00eb dosja e dyt\u00eb q\u00eb Xhika po p\u00ebrballet me prokurorin\u00eb, pasi ekziston dhe nj\u00eb dosje tjet\u00ebr p\u00ebr t\u00eb n\u00eb prokurorin\u00eb e Elbasanit, ku Xhika rezulton t\u00eb jet\u00eb mar\u00eb i pandehur p\u00ebr abuzimet financiare n\u00eb rrug\u00ebn Elbasan-Gjinar.<\/p>\n<p>Gjat\u00eb hetimeve t\u00eb kryera Xhika dhe dy ish-vart\u00ebsit e tij Aksel Qorduka dhe Albens Alite, jan\u00eb arrestuar dhe pas disa muaj jan\u00eb liruar nga qelia me vendim t\u00eb gjykat\u00ebs s\u00eb Apelit p\u00ebr Krime t\u00eb R\u00ebnda. N\u00eb 23 korrik 2018 Xhika fitoi lirin\u00eb p\u00ebr vet\u00ebm 5 jav\u00eb jasht\u00eb qelis\u00eb duke q\u00ebndruar n\u00eb \u201carrest sht\u00ebpie\u201d, por me vendimin e Apelit t\u00eb Krimeve t\u00eb R\u00ebnda, ish-zyrtari i lart\u00eb i rrug\u00ebve u arrestua dhe u rikthye n\u00eb qelit\u00ebeburgut.<\/p>\n<p>Por m\u00eb pas, teksa dosja penale u transferua nga Prokuroria e Krimeve t\u00eb R\u00ebnda n\u00eb prokurorin\u00eb e Tiran\u00ebs,Xhika dhe dy t\u00eb pandehurit e tjer\u00eb Aksel Qorduka dhe Albens Alite,jan\u00eb liruar nga burgu duke u l\u00ebn\u00eb me mas\u00ebn e \u201cdetyrimit p\u00ebr paraqitje\u201d. N\u00eb dosjen e prokuroris\u00eb renditen nj\u00eb s\u00ebr\u00eb shkeljes t\u00eb kryera nga Dashamir Xhik\u00ebs, Albens Alites dhe Aksel Qurduka.<\/p>\n<p>Tre zyrtar\u00ebt e lart\u00eb kan\u00eb abuzuar me detyr\u00ebn duke b\u00ebr\u00eb 6 shkelje t\u00eb r\u00ebnda si m\u00eb posht\u00eb: 1-Nga ish-drejtuesi i ARRSH-s\u00eb, Dashamir Xhika dhe drejtori i NJMP, Albens Alite, \u00ebsht\u00eb n\u00ebnshkruar amendimi i kontrat\u00ebs s\u00eb punimeve, n\u00eb kund\u00ebrshtim me pik\u00ebn 8.2 t\u00eb Rregullores s\u00eb Brendshme t\u00eb ARRSH, pasi ky urdh\u00ebr ndryshimi p\u00ebrb\u00ebn plot\u00ebsime e p\u00ebrmir\u00ebsime t\u00eb r\u00ebnd\u00ebsishme t\u00eb projektzbatimit si dhe modifikime e shtesa t\u00eb r\u00ebnd\u00ebsishme (vlera e lart\u00eb) t\u00eb propozuara dhe si i till\u00eb, duhej t\u00eb miratohej m\u00eb par\u00eb nga K\u00ebshilli Teknik dhe Bordi p\u00ebr Menaxhimin e K\u00ebtij Projekti.<\/p>\n","protected":false},"excerpt":{"rendered":"<p>Dosja nr.2 e hapur n\u00eb prokurorin\u00eb e Tiran\u00ebs kund\u00ebr ish-drejtorit t\u00eb P\u00ebrgjithsh\u00ebm t\u00eb ARRSH, nj\u00ebher\u00ebsh ish-kryetar i LSI n\u00eb Elbasan Dashamir Xhika, \u00ebsht\u00eb \u00e7uar n\u00eb gjykat\u00eb dhe tashm\u00eb ky zyrtar \u00ebsht\u00eb mar\u00eb i pandehur p\u00ebr akuz\u00ebn e \u201cShp\u00ebrdorimit t\u00eb detyr\u00ebs\u201d. N\u00eb dosjen penale t\u00eb prokuroris\u00eb, Xhika \u00ebsht\u00eb i pandehur me dy persona t\u00eb tjer\u00eb zyrtar\u00eb [&hellip;]<\/p>\n","protected":false},"author":4,"featured_media":72908,"comment_status":"open","ping_status":"closed","sticky":false,"template":"","format":"standard","meta":{"footnotes":""},"categories":[241,231,235],"tags":[],"class_list":{"0":"post-72906","1":"post","2":"type-post","3":"status-publish","4":"format-standard","5":"has-post-thumbnail","7":"category-aktualitet","8":"category-lajme","9":"category-vendi"},"_links":{"self":[{"href":"https:\/\/zjarr.tv\/sq\/wp-json\/wp\/v2\/posts\/72906","targetHints":{"allow":["GET"]}}],"collection":[{"href":"https:\/\/zjarr.tv\/sq\/wp-json\/wp\/v2\/posts"}],"about":[{"href":"https:\/\/zjarr.tv\/sq\/wp-json\/wp\/v2\/types\/post"}],"author":[{"embeddable":true,"href":"https:\/\/zjarr.tv\/sq\/wp-json\/wp\/v2\/users\/4"}],"replies":[{"embeddable":true,"href":"https:\/\/zjarr.tv\/sq\/wp-json\/wp\/v2\/comments?post=72906"}],"version-history":[{"count":0,"href":"https:\/\/zjarr.tv\/sq\/wp-json\/wp\/v2\/posts\/72906\/revisions"}],"wp:featuredmedia":[{"embeddable":true,"href":"https:\/\/zjarr.tv\/sq\/wp-json\/wp\/v2\/media\/72908"}],"wp:attachment":[{"href":"https:\/\/zjarr.tv\/sq\/wp-json\/wp\/v2\/media?parent=72906"}],"wp:term":[{"taxonomy":"category","embeddable":true,"href":"https:\/\/zjarr.tv\/sq\/wp-json\/wp\/v2\/categories?post=72906"},{"taxonomy":"post_tag","embeddable":true,"href":"https:\/\/zjarr.tv\/sq\/wp-json\/wp\/v2\/tags?post=72906"}],"curies":[{"name":"wp","href":"https:\/\/api.w.org\/{rel}","templated":true}]}}