{"id":72914,"date":"2019-03-08T12:12:01","date_gmt":"2019-03-08T11:12:01","guid":{"rendered":"https:\/\/zjarr.tv\/?p=72914"},"modified":"2019-03-08T12:12:01","modified_gmt":"2019-03-08T11:12:01","slug":"gjykata-e-la-te-lire-prokuroria-ankimon-vendimin-per-te-fejuarin-e-elvana-gjates","status":"publish","type":"post","link":"https:\/\/zjarr.tv\/sq\/gjykata-e-la-te-lire-prokuroria-ankimon-vendimin-per-te-fejuarin-e-elvana-gjates\/","title":{"rendered":"Gjykata e la t\u00eb lir\u00eb, Prokuroria ankimon vendimin p\u00ebr t\u00eb fejuarin e Elvana Gjat\u00ebs"},"content":{"rendered":"<p>Pasi u v\u00ebt\u00ebdor\u00ebzua n\u00eb polici, Gjykata e Tiran\u00ebs vendosi ta l\u00ebr\u00eb t\u00eb lir\u00eb biznesmenin Ervin Mata i p\u00ebrfshir\u00eb n\u00eb vrasjen n\u00eb ish-Bllok m\u00eb 4 tetor, por Prokuroria nuk pajtohet me k\u00ebt\u00eb vendim.<\/p>\n<p>Organi i akuz\u00ebs ka apeluar sot vendimin e Gjykat\u00ebs s\u00eb Shkall\u00ebs s\u00eb Par\u00eb, duke k\u00ebrkuar ndryshimin e mas\u00ebs s\u00eb siguris\u00eb nga \u201cdetyrim paraqitje n\u00eb \u00a0\u201carrest me burg\u201d.<\/p>\n<p>Vrasja q\u00eb tronditi mbar\u00eb opinionin publik ndodhi mbr\u00ebmjen e 4 tetorit n\u00eb lokalin Metropol n\u00eb nj\u00eb nga zonat m\u00eb t\u00eb frekuentuara t\u00eb Tiran\u00ebs, p\u00ebrkat\u00ebsisht n\u00eb Bllok. N\u00eb k\u00ebt\u00eb ngjarje mbeti i vrar\u00eb Fabiol Gaxha, nd\u00ebrsa u plagos Ervis Martinaj s\u00eb bashku me Elion Haton.<\/p>\n<p>P\u00ebr ngjarjen vijon t\u00eb q\u00ebndroj\u00eb n\u00eb burg biznesmeni tjet\u00ebr Ervis Martinaj, i cili nga ekzaminimi i telefonit celular rezultoi se kishte organizuar njer\u00ebz t\u00eb armatosur p\u00ebr p\u00ebrleshjen n\u00eb bllok nd\u00ebrsa Geldo Hoti, Ajaks Boshnjaku, Redi Popesku, Fabiol Alushi u lan\u00eb t\u00eb lir\u00eb pas arrestimit. I lir\u00eb u la edhe Eljo Hato, i plagosur bashk\u00eb me Martinajn.<\/p>\n<p>Si\u00e7 \u00ebsht\u00eb b\u00ebr\u00eb e ditur, Gaxha u q\u00ebllua p\u00ebr vdekje nga komandoja Meviol Bilo si pasoj\u00eb e nj\u00eb p\u00ebrplasje me arm\u00eb mes grupit t\u00eb Ervis Martinajt dhe atij t\u00eb Ervin Mat\u00ebs. Pak para se t\u00eb ndodhte krimi, jasht\u00eb lokalit ka q\u00ebn\u00eb edhe e fejuara e Mat\u00ebs, k\u00ebng\u00ebtarja Elvana Gjata, por pas hetimeve policia tha se ajo s\u2019kishte lidhje me ngjarjen.<\/p>\n","protected":false},"excerpt":{"rendered":"<p>Pasi u v\u00ebt\u00ebdor\u00ebzua n\u00eb polici, Gjykata e Tiran\u00ebs vendosi ta l\u00ebr\u00eb t\u00eb lir\u00eb biznesmenin Ervin Mata i p\u00ebrfshir\u00eb n\u00eb vrasjen n\u00eb ish-Bllok m\u00eb 4 tetor, por Prokuroria nuk pajtohet me k\u00ebt\u00eb vendim. Organi i akuz\u00ebs ka apeluar sot vendimin e Gjykat\u00ebs s\u00eb Shkall\u00ebs s\u00eb Par\u00eb, duke k\u00ebrkuar ndryshimin e mas\u00ebs s\u00eb siguris\u00eb nga \u201cdetyrim paraqitje [&hellip;]<\/p>\n","protected":false},"author":4,"featured_media":72915,"comment_status":"open","ping_status":"closed","sticky":false,"template":"","format":"standard","meta":{"footnotes":""},"categories":[241,231,235],"tags":[],"class_list":{"0":"post-72914","1":"post","2":"type-post","3":"status-publish","4":"format-standard","5":"has-post-thumbnail","7":"category-aktualitet","8":"category-lajme","9":"category-vendi"},"_links":{"self":[{"href":"https:\/\/zjarr.tv\/sq\/wp-json\/wp\/v2\/posts\/72914","targetHints":{"allow":["GET"]}}],"collection":[{"href":"https:\/\/zjarr.tv\/sq\/wp-json\/wp\/v2\/posts"}],"about":[{"href":"https:\/\/zjarr.tv\/sq\/wp-json\/wp\/v2\/types\/post"}],"author":[{"embeddable":true,"href":"https:\/\/zjarr.tv\/sq\/wp-json\/wp\/v2\/users\/4"}],"replies":[{"embeddable":true,"href":"https:\/\/zjarr.tv\/sq\/wp-json\/wp\/v2\/comments?post=72914"}],"version-history":[{"count":0,"href":"https:\/\/zjarr.tv\/sq\/wp-json\/wp\/v2\/posts\/72914\/revisions"}],"wp:featuredmedia":[{"embeddable":true,"href":"https:\/\/zjarr.tv\/sq\/wp-json\/wp\/v2\/media\/72915"}],"wp:attachment":[{"href":"https:\/\/zjarr.tv\/sq\/wp-json\/wp\/v2\/media?parent=72914"}],"wp:term":[{"taxonomy":"category","embeddable":true,"href":"https:\/\/zjarr.tv\/sq\/wp-json\/wp\/v2\/categories?post=72914"},{"taxonomy":"post_tag","embeddable":true,"href":"https:\/\/zjarr.tv\/sq\/wp-json\/wp\/v2\/tags?post=72914"}],"curies":[{"name":"wp","href":"https:\/\/api.w.org\/{rel}","templated":true}]}}