{"id":72920,"date":"2019-03-08T12:16:32","date_gmt":"2019-03-08T11:16:32","guid":{"rendered":"https:\/\/zjarr.tv\/?p=72920"},"modified":"2019-03-08T12:16:32","modified_gmt":"2019-03-08T11:16:32","slug":"rama-terbon-grate-fierake-kercen-mes-tyre","status":"publish","type":"post","link":"https:\/\/zjarr.tv\/sq\/rama-terbon-grate-fierake-kercen-mes-tyre\/","title":{"rendered":"Rama \u201ct\u00ebrbon\u201d grat\u00eb fierake, k\u00ebrcen mes tyre"},"content":{"rendered":"<p>Me rastin e dit\u00ebs s\u00eb gruas, 8 Marsit, Kryeministri Edi Rama u ndal n\u00eb Fier n\u00eb nj\u00eb aktivitet festiv.<\/p>\n<p>N\u00eb fjal\u00ebn e rastit ai tha se, \u201cUn\u00eb jam v\u00ebrtet\u00eb krenar q\u00eb ne sot i kemi dh\u00ebn\u00eb k\u00ebtij vendi nj\u00eb qeveri q\u00eb z\u00eb vend nderi n\u00eb Europ\u00eb p\u00ebr barazi gjinore, kemi 50% gra n\u00eb kabinet. Falenderoj gjitha vajzat dhe grat\u00eb q\u00eb sh\u00ebrbejn\u00eb n\u00eb qeveri, n\u00eb t\u00eb gjitha nivelet\u201d.<\/p>\n<p>Po ashtu ai shprehu mir\u00ebnjohje edhe p\u00ebr gjith\u00eb ato vajza dhe gra q\u00eb punojn\u00eb n\u00eb sektorin privat, duke th\u00ebn\u00eb se mbajn\u00eb barr\u00eb dyfish, edhe n\u00eb pun\u00eb edhe n\u00eb familje.<\/p>\n<p>M\u00eb tej duke e cil\u00ebsuar si nj\u00eb dit\u00eb fest\u00eb-protest\u00eb, ai ftoi t\u00eb gjith\u00eb t\u00eb pranishmet q\u00eb ti bashkohen, n\u00eb nj\u00eb k\u00ebrcim n\u00eb grup.<\/p>\n<p>I pari q\u00eb nisi t\u00eb l\u00ebviz\u00eb me tingujt e muzik\u00ebs ishte vet\u00eb Rama, i cili u rrethua nga shum\u00eb gra, duke b\u00ebr\u00eb nj\u00eb k\u00ebrcim masiv<\/p>\n","protected":false},"excerpt":{"rendered":"<p>Me rastin e dit\u00ebs s\u00eb gruas, 8 Marsit, Kryeministri Edi Rama u ndal n\u00eb Fier n\u00eb nj\u00eb aktivitet festiv. N\u00eb fjal\u00ebn e rastit ai tha se, \u201cUn\u00eb jam v\u00ebrtet\u00eb krenar q\u00eb ne sot i kemi dh\u00ebn\u00eb k\u00ebtij vendi nj\u00eb qeveri q\u00eb z\u00eb vend nderi n\u00eb Europ\u00eb p\u00ebr barazi gjinore, kemi 50% gra n\u00eb kabinet. Falenderoj [&hellip;]<\/p>\n","protected":false},"author":4,"featured_media":72921,"comment_status":"open","ping_status":"closed","sticky":false,"template":"","format":"standard","meta":{"footnotes":""},"categories":[241,231,235],"tags":[],"class_list":{"0":"post-72920","1":"post","2":"type-post","3":"status-publish","4":"format-standard","5":"has-post-thumbnail","7":"category-aktualitet","8":"category-lajme","9":"category-vendi"},"_links":{"self":[{"href":"https:\/\/zjarr.tv\/sq\/wp-json\/wp\/v2\/posts\/72920","targetHints":{"allow":["GET"]}}],"collection":[{"href":"https:\/\/zjarr.tv\/sq\/wp-json\/wp\/v2\/posts"}],"about":[{"href":"https:\/\/zjarr.tv\/sq\/wp-json\/wp\/v2\/types\/post"}],"author":[{"embeddable":true,"href":"https:\/\/zjarr.tv\/sq\/wp-json\/wp\/v2\/users\/4"}],"replies":[{"embeddable":true,"href":"https:\/\/zjarr.tv\/sq\/wp-json\/wp\/v2\/comments?post=72920"}],"version-history":[{"count":0,"href":"https:\/\/zjarr.tv\/sq\/wp-json\/wp\/v2\/posts\/72920\/revisions"}],"wp:featuredmedia":[{"embeddable":true,"href":"https:\/\/zjarr.tv\/sq\/wp-json\/wp\/v2\/media\/72921"}],"wp:attachment":[{"href":"https:\/\/zjarr.tv\/sq\/wp-json\/wp\/v2\/media?parent=72920"}],"wp:term":[{"taxonomy":"category","embeddable":true,"href":"https:\/\/zjarr.tv\/sq\/wp-json\/wp\/v2\/categories?post=72920"},{"taxonomy":"post_tag","embeddable":true,"href":"https:\/\/zjarr.tv\/sq\/wp-json\/wp\/v2\/tags?post=72920"}],"curies":[{"name":"wp","href":"https:\/\/api.w.org\/{rel}","templated":true}]}}