{"id":72926,"date":"2019-03-08T13:34:06","date_gmt":"2019-03-08T12:34:06","guid":{"rendered":"https:\/\/zjarr.tv\/?p=72926"},"modified":"2019-03-08T13:34:06","modified_gmt":"2019-03-08T12:34:06","slug":"soreca-duhet-dialog-palet-te-marrin-pjese-ne-zgjedhje","status":"publish","type":"post","link":"https:\/\/zjarr.tv\/sq\/soreca-duhet-dialog-palet-te-marrin-pjese-ne-zgjedhje\/","title":{"rendered":"Soreca: Duhet dialog, pal\u00ebt t\u00eb marrin pjes\u00eb n\u00eb zgjedhje"},"content":{"rendered":"<p>Ambasadori i Bashkimit Evropian n\u00eb Tiran\u00eb Luigi Soreca ka folur nga Shkodra p\u00ebr situat\u00ebn politike. Ai ka kritikuar opozit\u00ebn q\u00eb nuk ka t\u00ebrheqje dhe ka deklaruar se i \u00ebsht\u00eb k\u00ebrkuar maxhoranc\u00ebs t\u00eb dialogoj\u00eb.<\/p>\n<p>Por ambasadori Soreca theksoi se n\u00ebse nuk zgjidhet ng\u00ebr\u00e7i rrezikohet integrimi i Shqip\u00ebris\u00eb n\u00eb BE.<\/p>\n<p>Gjithashtu ai d\u00ebnoi deklaratat q\u00eb nxisin dhun\u00eb dhe k\u00ebrkoi q\u00eb protestat t\u00eb jen\u00eb paq\u00ebsore.<\/p>\n<p>\u201cUnioni europian \u00ebsht\u00eb shum\u00eb i qart\u00eb gjat\u00eb 2 jav\u00ebve t\u00eb fundit ndaj situat\u00ebs n\u00eb Shqip\u00ebri.<br \/>\nE drejta p\u00ebr t\u00eb protestuar \u00ebsht\u00eb p\u00ebr t\u00eb gjith\u00eb dhe ne mb\u00ebshtesim t\u00eb gjith\u00eb ata q\u00eb protestojn\u00eb. Por kjo gj\u00eb duhet t\u00eb jet\u00eb e paqme dhe pa nxitje p\u00ebr dhun\u00eb. Nxitja p\u00ebr dhun\u00eb \u00ebsht\u00eb e pafalshme dhe ne presim q\u00eb protestat n\u00eb vijim t\u00eb jen\u00eb pa nxitje dhune.<br \/>\nSituata \u00ebsht\u00eb e paprecedent\u00eb, kemi folur me t\u00eb dyja pal\u00ebt. Jemi takuar me qeverin\u00eb si dhe opozit\u00ebn. Opozita po mban q\u00ebndrim pa u kthyer pas dhe kjo \u00ebsht\u00eb p\u00ebr t\u00eb ardhur keq. Ia kemi th\u00ebn\u00eb disa her\u00eb k\u00ebt\u00eb gj\u00eb por pa sukses.<br \/>\nKjo ndikon n\u00eb integrimin e Shqip\u00ebris\u00eb. Ne kemi k\u00ebrkuar dialog dhe jemi t\u00eb paansh\u00ebm. Ne i kemi k\u00ebrkuar qeveris\u00eb q\u00eb t\u00eb dialogojn\u00eb.<\/p>\n<p>I b\u00ebjm\u00eb thirrje t\u00eb gjith\u00eb politikan\u00ebve t\u00eb Shqip\u00ebris\u00eb q\u00eb t\u00eb mbajn\u00eb an\u00ebn e qytetar\u00ebve.<br \/>\nBE mb\u00ebshtet interesat e qytetar\u00ebve t\u00eb Shqip\u00ebris\u00eb. Situata n\u00eb vend minon k\u00ebt\u00eb d\u00ebshir\u00eb t\u00eb 93 % t\u00eb qytetar\u00ebve shqiptar\u00eb p\u00ebr integrim dhe \u00ebsht\u00eb an\u00ebtar\u00ebsimi n\u00eb BE q\u00ebllimi jon\u00eb ndaj Shqip\u00ebris\u00eb. N\u00eb rast moszgjidhje t\u00eb k\u00ebtij ng\u00ebr\u00e7i, integrimi i Shqip\u00ebris\u00eb \u00ebsht\u00eb n\u00eb rrezik\u201d, ka th\u00ebn\u00eb Soreca.<\/p>\n<h2><\/h2>\n","protected":false},"excerpt":{"rendered":"<p>Ambasadori i Bashkimit Evropian n\u00eb Tiran\u00eb Luigi Soreca ka folur nga Shkodra p\u00ebr situat\u00ebn politike. Ai ka kritikuar opozit\u00ebn q\u00eb nuk ka t\u00ebrheqje dhe ka deklaruar se i \u00ebsht\u00eb k\u00ebrkuar maxhoranc\u00ebs t\u00eb dialogoj\u00eb. Por ambasadori Soreca theksoi se n\u00ebse nuk zgjidhet ng\u00ebr\u00e7i rrezikohet integrimi i Shqip\u00ebris\u00eb n\u00eb BE. Gjithashtu ai d\u00ebnoi deklaratat q\u00eb nxisin dhun\u00eb [&hellip;]<\/p>\n","protected":false},"author":4,"featured_media":70231,"comment_status":"open","ping_status":"closed","sticky":false,"template":"","format":"standard","meta":{"footnotes":""},"categories":[241,231,235],"tags":[],"class_list":{"0":"post-72926","1":"post","2":"type-post","3":"status-publish","4":"format-standard","5":"has-post-thumbnail","7":"category-aktualitet","8":"category-lajme","9":"category-vendi"},"_links":{"self":[{"href":"https:\/\/zjarr.tv\/sq\/wp-json\/wp\/v2\/posts\/72926","targetHints":{"allow":["GET"]}}],"collection":[{"href":"https:\/\/zjarr.tv\/sq\/wp-json\/wp\/v2\/posts"}],"about":[{"href":"https:\/\/zjarr.tv\/sq\/wp-json\/wp\/v2\/types\/post"}],"author":[{"embeddable":true,"href":"https:\/\/zjarr.tv\/sq\/wp-json\/wp\/v2\/users\/4"}],"replies":[{"embeddable":true,"href":"https:\/\/zjarr.tv\/sq\/wp-json\/wp\/v2\/comments?post=72926"}],"version-history":[{"count":0,"href":"https:\/\/zjarr.tv\/sq\/wp-json\/wp\/v2\/posts\/72926\/revisions"}],"wp:featuredmedia":[{"embeddable":true,"href":"https:\/\/zjarr.tv\/sq\/wp-json\/wp\/v2\/media\/70231"}],"wp:attachment":[{"href":"https:\/\/zjarr.tv\/sq\/wp-json\/wp\/v2\/media?parent=72926"}],"wp:term":[{"taxonomy":"category","embeddable":true,"href":"https:\/\/zjarr.tv\/sq\/wp-json\/wp\/v2\/categories?post=72926"},{"taxonomy":"post_tag","embeddable":true,"href":"https:\/\/zjarr.tv\/sq\/wp-json\/wp\/v2\/tags?post=72926"}],"curies":[{"name":"wp","href":"https:\/\/api.w.org\/{rel}","templated":true}]}}