{"id":72931,"date":"2019-03-08T14:11:38","date_gmt":"2019-03-08T13:11:38","guid":{"rendered":"https:\/\/zjarr.tv\/?p=72931"},"modified":"2019-03-08T14:11:38","modified_gmt":"2019-03-08T13:11:38","slug":"grate-e-astirit-ne-proteste-rama-anulo-projektin-e-unazes-se-re","status":"publish","type":"post","link":"https:\/\/zjarr.tv\/sq\/grate-e-astirit-ne-proteste-rama-anulo-projektin-e-unazes-se-re\/","title":{"rendered":"Grat\u00eb e Astirit n\u00eb protest\u00eb: Rama anulo projektin e Unaz\u00ebs s\u00eb Re"},"content":{"rendered":"<p>Nd\u00ebrsa n\u00eb Fier protestues e mb\u00ebshtet\u00ebs t\u00eb PD jan\u00eb p\u00ebrplasur me policin\u00eb pasi kund\u00ebrshtojn\u00eb vizit\u00ebn e kryeministrit Rama, Protesta ka edhe n\u00eb Tiran\u00eb.<\/p>\n<p>K\u00ebt\u00eb 8 Mars grat\u00eb e Astirit, sht\u00ebpit\u00eb e t\u00eb cilave preken nga projekti i Unaz\u00ebs s\u00eb Re kan\u00eb dal\u00eb sot n\u00eb protest\u00eb me parullat: \u201cSht\u00ebpia jon\u00eb, motoja jon\u00eb\u201d.<\/p>\n<p>K\u00ebrkesa e vetme q\u00eb kan\u00eb \u00ebsht\u00eb q\u00eb kryeministri \u00a0Rama t\u00eb dal\u00eb publikisht e t\u00eb ndaloj\u00eb projektin korruptiv, si\u00e7 e quajt\u00ebn ato, at\u00eb t\u00eb Unaz\u00ebs s\u00eb Re.<\/p>\n","protected":false},"excerpt":{"rendered":"<p>Nd\u00ebrsa n\u00eb Fier protestues e mb\u00ebshtet\u00ebs t\u00eb PD jan\u00eb p\u00ebrplasur me policin\u00eb pasi kund\u00ebrshtojn\u00eb vizit\u00ebn e kryeministrit Rama, Protesta ka edhe n\u00eb Tiran\u00eb. K\u00ebt\u00eb 8 Mars grat\u00eb e Astirit, sht\u00ebpit\u00eb e t\u00eb cilave preken nga projekti i Unaz\u00ebs s\u00eb Re kan\u00eb dal\u00eb sot n\u00eb protest\u00eb me parullat: \u201cSht\u00ebpia jon\u00eb, motoja jon\u00eb\u201d. K\u00ebrkesa e vetme q\u00eb [&hellip;]<\/p>\n","protected":false},"author":4,"featured_media":72932,"comment_status":"open","ping_status":"closed","sticky":false,"template":"","format":"standard","meta":{"footnotes":""},"categories":[241,231,235],"tags":[],"class_list":{"0":"post-72931","1":"post","2":"type-post","3":"status-publish","4":"format-standard","5":"has-post-thumbnail","7":"category-aktualitet","8":"category-lajme","9":"category-vendi"},"_links":{"self":[{"href":"https:\/\/zjarr.tv\/sq\/wp-json\/wp\/v2\/posts\/72931","targetHints":{"allow":["GET"]}}],"collection":[{"href":"https:\/\/zjarr.tv\/sq\/wp-json\/wp\/v2\/posts"}],"about":[{"href":"https:\/\/zjarr.tv\/sq\/wp-json\/wp\/v2\/types\/post"}],"author":[{"embeddable":true,"href":"https:\/\/zjarr.tv\/sq\/wp-json\/wp\/v2\/users\/4"}],"replies":[{"embeddable":true,"href":"https:\/\/zjarr.tv\/sq\/wp-json\/wp\/v2\/comments?post=72931"}],"version-history":[{"count":0,"href":"https:\/\/zjarr.tv\/sq\/wp-json\/wp\/v2\/posts\/72931\/revisions"}],"wp:featuredmedia":[{"embeddable":true,"href":"https:\/\/zjarr.tv\/sq\/wp-json\/wp\/v2\/media\/72932"}],"wp:attachment":[{"href":"https:\/\/zjarr.tv\/sq\/wp-json\/wp\/v2\/media?parent=72931"}],"wp:term":[{"taxonomy":"category","embeddable":true,"href":"https:\/\/zjarr.tv\/sq\/wp-json\/wp\/v2\/categories?post=72931"},{"taxonomy":"post_tag","embeddable":true,"href":"https:\/\/zjarr.tv\/sq\/wp-json\/wp\/v2\/tags?post=72931"}],"curies":[{"name":"wp","href":"https:\/\/api.w.org\/{rel}","templated":true}]}}