{"id":72940,"date":"2019-03-08T14:24:20","date_gmt":"2019-03-08T13:24:20","guid":{"rendered":"https:\/\/zjarr.tv\/?p=72940"},"modified":"2019-03-08T14:24:20","modified_gmt":"2019-03-08T13:24:20","slug":"basha-8-marsi-dite-reflektimi-do-bejme-gjithcka-per-grate","status":"publish","type":"post","link":"https:\/\/zjarr.tv\/sq\/basha-8-marsi-dite-reflektimi-do-bejme-gjithcka-per-grate\/","title":{"rendered":"Basha: 8 marsi dit\u00eb reflektimi. Do b\u00ebjm\u00eb gjith\u00e7ka p\u00ebr grat\u00eb"},"content":{"rendered":"<p>Kreu i Partis\u00eb Demokratike Lulzim Basha iu ka d\u00ebrguar nj\u00eb mesazh grave me rastin e 8 marsit. N\u00eb nj\u00eb status n\u00eb \u201cFacebook\u201d Basha shkruan se kjo \u00ebsht\u00eb nj\u00eb dit\u00eb p\u00ebr t\u00eb reflektuar mbi sakrific\u00ebn e p\u00ebrditshme t\u00eb n\u00ebnave, grave e vajzave n\u00eb Shqip\u00ebri dhe p\u00ebr at\u00eb q\u00eb duhet t\u00eb b\u00ebjm\u00eb p\u00ebr to, p\u00ebr t\u2019iu garantuar nj\u00eb jet\u00eb m\u00eb t\u00eb mir\u00eb.<\/p>\n<p>Ai premton se opozita do t\u00eb b\u00ebj\u00eb gjith\u00e7ka p\u00ebr t\u2019iu dh\u00ebn\u00eb mund\u00ebsi grave t\u00eb ken\u00eb rolin q\u00eb meritojn\u00eb n\u00eb shoq\u00ebri.<\/p>\n<p><strong>STATUSI I BASH\u00cbS<\/strong><br \/>\n8 marsi \u00ebsht\u00eb nj\u00eb dit\u00eb e ve\u00e7ant\u00eb p\u00ebr t\u00eb kujtuar dhe reflektuar mbi sakrific\u00ebn e p\u00ebrditshme t\u00eb n\u00ebnave, grave e vajzave n\u00eb vendin ton\u00eb. Sakrific\u00ebn p\u00ebr t\u00eb p\u00ebrballuar kushtet e v\u00ebshtira ekonomike e pasigurin\u00eb, sakrific\u00ebn p\u00ebr t\u00eb rritur dhe edukuar f\u00ebmij\u00ebt, sakrific\u00ebn e p\u00ebrditshme t\u00eb mij\u00ebra n\u00ebnave p\u00ebr t\u00eb siguruar ushqimin e mjaftuesh\u00ebm p\u00ebr f\u00ebmij\u00ebt e tyre, sakrific\u00ebn p\u00ebr t\u00eb gjetur nj\u00eb pun\u00eb, sakrific\u00ebn e atyre q\u00eb punojn\u00eb n\u00eb kushte t\u00eb v\u00ebshtira e me paga t\u00eb pamjaftueshme p\u00ebr t\u00eb paguar as ujin e energjin\u00eb e rritur, p\u00ebr t\u00eb kujtuar sakrific\u00ebn e n\u00ebnave q\u00eb punuan nj\u00eb jet\u00eb, por pensionin e kan\u00eb t\u00eb pamjaftuesh\u00ebm edhe p\u00ebr t\u00eb bler\u00eb ila\u00e7e.<\/p>\n<p>Kjo \u00ebsht\u00eb edhe nj\u00eb dit\u00eb-reflektim p\u00ebr at\u00eb q\u00eb duhet t\u00eb b\u00ebjm\u00eb p\u00ebr gruan, p\u00ebr t\u2019i garantuar nj\u00eb jet\u00eb m\u00eb t\u00eb mir\u00eb, vende pune me kushte dhe paga m\u00eb t\u00eb mira. Mund\u00ebsi p\u00ebr arsimim t\u00eb f\u00ebmij\u00ebve pavar\u00ebsisht kushteve t\u00eb tyre ekonomike. Ne do t\u00eb b\u00ebjm\u00eb gjith\u00e7ka p\u00ebr t\u2019u dh\u00ebn\u00eb mund\u00ebsi grave t\u00eb ken\u00eb pesh\u00ebn dhe rolin q\u00eb meritojn\u00eb n\u00eb shoq\u00ebrin\u00eb ton\u00eb.<\/p>\n","protected":false},"excerpt":{"rendered":"<p>Kreu i Partis\u00eb Demokratike Lulzim Basha iu ka d\u00ebrguar nj\u00eb mesazh grave me rastin e 8 marsit. N\u00eb nj\u00eb status n\u00eb \u201cFacebook\u201d Basha shkruan se kjo \u00ebsht\u00eb nj\u00eb dit\u00eb p\u00ebr t\u00eb reflektuar mbi sakrific\u00ebn e p\u00ebrditshme t\u00eb n\u00ebnave, grave e vajzave n\u00eb Shqip\u00ebri dhe p\u00ebr at\u00eb q\u00eb duhet t\u00eb b\u00ebjm\u00eb p\u00ebr to, p\u00ebr t\u2019iu garantuar [&hellip;]<\/p>\n","protected":false},"author":4,"featured_media":68908,"comment_status":"open","ping_status":"closed","sticky":false,"template":"","format":"standard","meta":{"footnotes":""},"categories":[241,231,235],"tags":[],"class_list":{"0":"post-72940","1":"post","2":"type-post","3":"status-publish","4":"format-standard","5":"has-post-thumbnail","7":"category-aktualitet","8":"category-lajme","9":"category-vendi"},"_links":{"self":[{"href":"https:\/\/zjarr.tv\/sq\/wp-json\/wp\/v2\/posts\/72940","targetHints":{"allow":["GET"]}}],"collection":[{"href":"https:\/\/zjarr.tv\/sq\/wp-json\/wp\/v2\/posts"}],"about":[{"href":"https:\/\/zjarr.tv\/sq\/wp-json\/wp\/v2\/types\/post"}],"author":[{"embeddable":true,"href":"https:\/\/zjarr.tv\/sq\/wp-json\/wp\/v2\/users\/4"}],"replies":[{"embeddable":true,"href":"https:\/\/zjarr.tv\/sq\/wp-json\/wp\/v2\/comments?post=72940"}],"version-history":[{"count":0,"href":"https:\/\/zjarr.tv\/sq\/wp-json\/wp\/v2\/posts\/72940\/revisions"}],"wp:featuredmedia":[{"embeddable":true,"href":"https:\/\/zjarr.tv\/sq\/wp-json\/wp\/v2\/media\/68908"}],"wp:attachment":[{"href":"https:\/\/zjarr.tv\/sq\/wp-json\/wp\/v2\/media?parent=72940"}],"wp:term":[{"taxonomy":"category","embeddable":true,"href":"https:\/\/zjarr.tv\/sq\/wp-json\/wp\/v2\/categories?post=72940"},{"taxonomy":"post_tag","embeddable":true,"href":"https:\/\/zjarr.tv\/sq\/wp-json\/wp\/v2\/tags?post=72940"}],"curies":[{"name":"wp","href":"https:\/\/api.w.org\/{rel}","templated":true}]}}