{"id":72944,"date":"2019-03-08T15:10:47","date_gmt":"2019-03-08T14:10:47","guid":{"rendered":"https:\/\/zjarr.tv\/?p=72944"},"modified":"2019-03-08T15:10:47","modified_gmt":"2019-03-08T14:10:47","slug":"shba-kerkon-pezullimin-e-takses-ndaj-serbise","status":"publish","type":"post","link":"https:\/\/zjarr.tv\/sq\/shba-kerkon-pezullimin-e-takses-ndaj-serbise\/","title":{"rendered":"SHBA k\u00ebrkon pezullimin e taks\u00ebs ndaj Serbis\u00eb"},"content":{"rendered":"<p>Diplomacia amerikane i ka p\u00ebrs\u00ebritur Kosov\u00ebs edhe nj\u00eb her\u00eb se taksa q\u00eb vendi po aplikon ndaj fqinjit t\u00eb saj verior po d\u00ebmton arritjen e nj\u00eb marr\u00ebveshjeje gjith\u00ebp\u00ebrfshir\u00ebse. N\u00eb nisje t\u00eb vizit\u00ebs s\u00eb tij dyditore n\u00eb Ballkan, n\u00ebnsekretari amerikan i shtetit p\u00ebr \u00e7\u00ebshtjet politike, David Hale, pas nj\u00eb takimi me presidentin serb Aleksand\u00ebr Vu\u00e7i\u00e7, ftoi pal\u00ebt q\u00eb t&#8217;i q\u00ebndrojn\u00eb larg provokimeve. Q\u00ebndrimet e zyrtarit amerikan u p\u00ebr\u00e7uan paradite nga Ambasada amerikane n\u00eb Serbi.<\/p>\n<p><em>&#8220;SHBA-t\u00eb k\u00ebrkojn\u00eb q\u00eb t\u00eb pezullohen tarifat e Kosov\u00ebs, t\u00eb ndalen provokimet nga t\u00eb dyja pal\u00ebt dhe t\u00eb vazhdohet dialogu. Ne e vler\u00ebsojm\u00eb partneritetin me Serbin\u00eb dhe d\u00ebshirojm\u00eb t\u00eb nd\u00ebrtojm\u00eb marr\u00ebdh\u00ebnie edhe m\u00eb t\u00eb fuqishme me t\u00eb.&#8221;<\/em><\/p>\n<p>Presidenti i Serbis\u00eb, Aleksand\u00ebr Vu\u00e7i\u00e7, tha se Beogradi n\u00eb t\u00eb ardhmen e af\u00ebrt po mendon t&#8217;i kund\u00ebrp\u00ebrgjigjet Kosov\u00ebs p\u00ebr veprimet e saj t\u00eb nj\u00ebanshme n\u00eb d\u00ebm t\u00eb dialogut. Ai renditi si pengesa t\u00eb pakap\u00ebrcyeshme mosnjohjen nga ana e Kosov\u00ebs t\u00eb asociacionit t\u00eb komunave serbe dhe vendosjen e tarif\u00ebs doganore ndaj produkteve vendase. Nd\u00ebrkaq, sipas Vu\u00e7i\u00e7, miratimi nj\u00eb dit\u00eb m\u00eb par\u00eb nga parlamenti i Kosov\u00ebs i s\u00eb ashtuquajtur\u00ebs &#8220;platforma p\u00ebr dialog&#8221; i ka dh\u00ebn\u00eb goditjen e fundit kompromisit dypal\u00ebsh.<\/p>\n<p>Presidenti serb shtoi se parakushti i platform\u00ebs p\u00ebr t\u00eb njohur Kosov\u00ebn si shtet i pavarur brenda kufijve territorial\u00eb aktual\u00eb ka v\u00ebshtir\u00ebsuar m\u00eb tej dialogun dhe se p\u00ebr k\u00ebt\u00eb fakt ka v\u00ebn\u00eb n\u00eb dijeni edhe zyrtaren e lart\u00eb europiane, Federica Mogherini.<\/p>\n<p>Pas takimit me krer\u00ebt shtet\u00ebror\u00eb t\u00eb Serbis\u00eb, n\u00ebnsekretari amerikan Hale pritet t\u00eb vizitoj\u00eb t\u00eb shtun\u00ebn Prishtin\u00ebn, ku ai ka paralajm\u00ebruar se nuk do t\u00eb parashtroj\u00eb receta p\u00ebr zgjidhjen e mosmarr\u00ebveshjeve, porse do i ftoj\u00eb pal\u00ebt t\u00eb shohin drejt pajtimit brenda k\u00ebtij viti.<\/p>\n<p>&nbsp;<\/p>\n","protected":false},"excerpt":{"rendered":"<p>Diplomacia amerikane i ka p\u00ebrs\u00ebritur Kosov\u00ebs edhe nj\u00eb her\u00eb se taksa q\u00eb vendi po aplikon ndaj fqinjit t\u00eb saj verior po d\u00ebmton arritjen e nj\u00eb marr\u00ebveshjeje gjith\u00ebp\u00ebrfshir\u00ebse. N\u00eb nisje t\u00eb vizit\u00ebs s\u00eb tij dyditore n\u00eb Ballkan, n\u00ebnsekretari amerikan i shtetit p\u00ebr \u00e7\u00ebshtjet politike, David Hale, pas nj\u00eb takimi me presidentin serb Aleksand\u00ebr Vu\u00e7i\u00e7, ftoi pal\u00ebt [&hellip;]<\/p>\n","protected":false},"author":2013,"featured_media":72945,"comment_status":"open","ping_status":"closed","sticky":false,"template":"","format":"standard","meta":{"footnotes":""},"categories":[241,191],"tags":[],"class_list":{"0":"post-72944","1":"post","2":"type-post","3":"status-publish","4":"format-standard","5":"has-post-thumbnail","7":"category-aktualitet","8":"category-bota"},"_links":{"self":[{"href":"https:\/\/zjarr.tv\/sq\/wp-json\/wp\/v2\/posts\/72944","targetHints":{"allow":["GET"]}}],"collection":[{"href":"https:\/\/zjarr.tv\/sq\/wp-json\/wp\/v2\/posts"}],"about":[{"href":"https:\/\/zjarr.tv\/sq\/wp-json\/wp\/v2\/types\/post"}],"author":[{"embeddable":true,"href":"https:\/\/zjarr.tv\/sq\/wp-json\/wp\/v2\/users\/2013"}],"replies":[{"embeddable":true,"href":"https:\/\/zjarr.tv\/sq\/wp-json\/wp\/v2\/comments?post=72944"}],"version-history":[{"count":0,"href":"https:\/\/zjarr.tv\/sq\/wp-json\/wp\/v2\/posts\/72944\/revisions"}],"wp:featuredmedia":[{"embeddable":true,"href":"https:\/\/zjarr.tv\/sq\/wp-json\/wp\/v2\/media\/72945"}],"wp:attachment":[{"href":"https:\/\/zjarr.tv\/sq\/wp-json\/wp\/v2\/media?parent=72944"}],"wp:term":[{"taxonomy":"category","embeddable":true,"href":"https:\/\/zjarr.tv\/sq\/wp-json\/wp\/v2\/categories?post=72944"},{"taxonomy":"post_tag","embeddable":true,"href":"https:\/\/zjarr.tv\/sq\/wp-json\/wp\/v2\/tags?post=72944"}],"curies":[{"name":"wp","href":"https:\/\/api.w.org\/{rel}","templated":true}]}}