{"id":72963,"date":"2019-03-08T15:38:45","date_gmt":"2019-03-08T14:38:45","guid":{"rendered":"https:\/\/zjarr.tv\/?p=72963"},"modified":"2019-03-08T15:38:45","modified_gmt":"2019-03-08T14:38:45","slug":"sauk-automjeti-perplaset-me-shtyllen-dhe-merr-flake","status":"publish","type":"post","link":"https:\/\/zjarr.tv\/sq\/sauk-automjeti-perplaset-me-shtyllen-dhe-merr-flake\/","title":{"rendered":"Sauk, automjeti p\u00ebrplaset me shtyll\u00ebn dhe merr flak\u00eb"},"content":{"rendered":"<p>Nj\u00eb aksident ka ndodhur m\u00ebngjesin e sot\u00ebm n\u00eb zon\u00ebn e Saukut ku nj\u00eb automjet \u00ebsht\u00eb p\u00ebrplasur me nj\u00eb shtyll\u00eb elektrike dhe p\u00ebr pasoj\u00eb ka marr\u00eb flak\u00eb. Ende nuk dihet n\u00ebse nga kjo p\u00ebrplasje ka pasur apo jo persona t\u00eb l\u00ebnduar por si\u00e7 shihet nga pamjet n\u00eb video automjeti \u00ebsht\u00eb djegur pothuajse plot\u00ebsisht dhe zjarrfik\u00ebsit kan\u00eb ndihmuar p\u00ebr shuarjen e flak\u00ebve.<\/p>\n<p>&nbsp;<\/p>\n","protected":false},"excerpt":{"rendered":"<p>Nj\u00eb aksident ka ndodhur m\u00ebngjesin e sot\u00ebm n\u00eb zon\u00ebn e Saukut ku nj\u00eb automjet \u00ebsht\u00eb p\u00ebrplasur me nj\u00eb shtyll\u00eb elektrike dhe p\u00ebr pasoj\u00eb ka marr\u00eb flak\u00eb. Ende nuk dihet n\u00ebse nga kjo p\u00ebrplasje ka pasur apo jo persona t\u00eb l\u00ebnduar por si\u00e7 shihet nga pamjet n\u00eb video automjeti \u00ebsht\u00eb djegur pothuajse plot\u00ebsisht dhe zjarrfik\u00ebsit kan\u00eb [&hellip;]<\/p>\n","protected":false},"author":2013,"featured_media":61314,"comment_status":"open","ping_status":"closed","sticky":false,"template":"","format":"standard","meta":{"footnotes":""},"categories":[241,235],"tags":[],"class_list":{"0":"post-72963","1":"post","2":"type-post","3":"status-publish","4":"format-standard","5":"has-post-thumbnail","7":"category-aktualitet","8":"category-vendi"},"_links":{"self":[{"href":"https:\/\/zjarr.tv\/sq\/wp-json\/wp\/v2\/posts\/72963","targetHints":{"allow":["GET"]}}],"collection":[{"href":"https:\/\/zjarr.tv\/sq\/wp-json\/wp\/v2\/posts"}],"about":[{"href":"https:\/\/zjarr.tv\/sq\/wp-json\/wp\/v2\/types\/post"}],"author":[{"embeddable":true,"href":"https:\/\/zjarr.tv\/sq\/wp-json\/wp\/v2\/users\/2013"}],"replies":[{"embeddable":true,"href":"https:\/\/zjarr.tv\/sq\/wp-json\/wp\/v2\/comments?post=72963"}],"version-history":[{"count":0,"href":"https:\/\/zjarr.tv\/sq\/wp-json\/wp\/v2\/posts\/72963\/revisions"}],"wp:featuredmedia":[{"embeddable":true,"href":"https:\/\/zjarr.tv\/sq\/wp-json\/wp\/v2\/media\/61314"}],"wp:attachment":[{"href":"https:\/\/zjarr.tv\/sq\/wp-json\/wp\/v2\/media?parent=72963"}],"wp:term":[{"taxonomy":"category","embeddable":true,"href":"https:\/\/zjarr.tv\/sq\/wp-json\/wp\/v2\/categories?post=72963"},{"taxonomy":"post_tag","embeddable":true,"href":"https:\/\/zjarr.tv\/sq\/wp-json\/wp\/v2\/tags?post=72963"}],"curies":[{"name":"wp","href":"https:\/\/api.w.org\/{rel}","templated":true}]}}