{"id":72967,"date":"2019-03-08T15:43:17","date_gmt":"2019-03-08T14:43:17","guid":{"rendered":"https:\/\/zjarr.tv\/?p=72967"},"modified":"2019-03-08T15:43:17","modified_gmt":"2019-03-08T14:43:17","slug":"parlamenti-i-kosoves-miraton-platformen-per-bisedime-me-serbine","status":"publish","type":"post","link":"https:\/\/zjarr.tv\/sq\/parlamenti-i-kosoves-miraton-platformen-per-bisedime-me-serbine\/","title":{"rendered":"Parlamenti i Kosov\u00ebs miraton platform\u00ebn p\u00ebr bisedime me Serbin\u00eb"},"content":{"rendered":"<p>N\u00eb Kosov\u00eb, parlamenti miratoi platform\u00ebn p\u00ebr bisedime me Serbin\u00eb me an\u00eb t\u00eb s\u00eb cil\u00ebs synohet si\u00e7 thuhet t\u00eb caktohen vijat e kuqe t\u00eb Kosov\u00ebs dhe t\u00eb sigurohet zgjidhja e t\u00eb gjitha \u00e7\u00ebshtjeve t\u00eb hapura me Serbin\u00eb p\u00ebr t\u00eb siguruar njohjen e pavar\u00ebsis\u00eb s\u00eb Kosov\u00ebs.\u00a0 Por, procesi i bisedimeve mbetet i pezulluar p\u00ebr shkak t\u00eb tarifave t\u00eb vendosura nga qeveria e Kosov\u00ebs ndaj mallrave serbe. P\u00ebr k\u00ebt\u00eb \u00e7\u00ebshtje n\u00eb fundjav\u00eb pritet t\u00eb vij\u00eb n\u00eb Prishtin\u00eb, z\u00ebvend\u00ebs sekretari amerikan i Shtetit, David Hale, i cili ka paralajm\u00ebruar \u201cmund\u00ebsin\u00eb q\u00eb gjat\u00eb k\u00ebtij viti t\u00eb arrihet nj\u00eb marr\u00ebveshje, n\u00ebse fillojn\u00eb bisedimet.<\/p>\n<p>&nbsp;<\/p>\n","protected":false},"excerpt":{"rendered":"<p>N\u00eb Kosov\u00eb, parlamenti miratoi platform\u00ebn p\u00ebr bisedime me Serbin\u00eb me an\u00eb t\u00eb s\u00eb cil\u00ebs synohet si\u00e7 thuhet t\u00eb caktohen vijat e kuqe t\u00eb Kosov\u00ebs dhe t\u00eb sigurohet zgjidhja e t\u00eb gjitha \u00e7\u00ebshtjeve t\u00eb hapura me Serbin\u00eb p\u00ebr t\u00eb siguruar njohjen e pavar\u00ebsis\u00eb s\u00eb Kosov\u00ebs.\u00a0 Por, procesi i bisedimeve mbetet i pezulluar p\u00ebr shkak t\u00eb tarifave [&hellip;]<\/p>\n","protected":false},"author":2013,"featured_media":0,"comment_status":"open","ping_status":"closed","sticky":false,"template":"","format":"standard","meta":{"footnotes":""},"categories":[241,2],"tags":[],"class_list":{"0":"post-72967","1":"post","2":"type-post","3":"status-publish","4":"format-standard","6":"category-aktualitet","7":"category-rajoni"},"_links":{"self":[{"href":"https:\/\/zjarr.tv\/sq\/wp-json\/wp\/v2\/posts\/72967","targetHints":{"allow":["GET"]}}],"collection":[{"href":"https:\/\/zjarr.tv\/sq\/wp-json\/wp\/v2\/posts"}],"about":[{"href":"https:\/\/zjarr.tv\/sq\/wp-json\/wp\/v2\/types\/post"}],"author":[{"embeddable":true,"href":"https:\/\/zjarr.tv\/sq\/wp-json\/wp\/v2\/users\/2013"}],"replies":[{"embeddable":true,"href":"https:\/\/zjarr.tv\/sq\/wp-json\/wp\/v2\/comments?post=72967"}],"version-history":[{"count":0,"href":"https:\/\/zjarr.tv\/sq\/wp-json\/wp\/v2\/posts\/72967\/revisions"}],"wp:attachment":[{"href":"https:\/\/zjarr.tv\/sq\/wp-json\/wp\/v2\/media?parent=72967"}],"wp:term":[{"taxonomy":"category","embeddable":true,"href":"https:\/\/zjarr.tv\/sq\/wp-json\/wp\/v2\/categories?post=72967"},{"taxonomy":"post_tag","embeddable":true,"href":"https:\/\/zjarr.tv\/sq\/wp-json\/wp\/v2\/tags?post=72967"}],"curies":[{"name":"wp","href":"https:\/\/api.w.org\/{rel}","templated":true}]}}