{"id":73467,"date":"2019-03-12T13:18:34","date_gmt":"2019-03-12T12:18:34","guid":{"rendered":"https:\/\/zjarr.tv\/?p=73467"},"modified":"2019-03-12T13:18:34","modified_gmt":"2019-03-12T12:18:34","slug":"klement-balilin-ja-pse-u-shty-gjyqi-sot","status":"publish","type":"post","link":"https:\/\/zjarr.tv\/sq\/klement-balilin-ja-pse-u-shty-gjyqi-sot\/","title":{"rendered":"Klement Balilin, ja pse u shty gjyqi sot"},"content":{"rendered":"<p>Gjykata p\u00ebr Krime t\u00eb R\u00ebnda vendosi t\u00eb pranoj\u00eb k\u00ebrkes\u00ebn p\u00ebr gjykim t\u00eb shkurtuar p\u00ebr Kelmend Balilin, \u00e7ka tregonte se procesi p\u00ebr t\u00eb cil\u00ebsuarin si Eskobari i Ballkanit, do t\u00eb p\u00ebrmbyllej n\u00eb vet\u00ebm pak seanca, por nuk ndodhi ashtu. N\u00eb seanc\u00ebn e sotme, prokurori Ened Nakuci pritej t\u00eb shpallte pretenc\u00ebn p\u00ebr Balilin por seanca u shty p\u00ebr n\u00eb 26 Mars p\u00ebr shkak se mungonte i pandehuri dhe avokati. M\u00ebsohet se seanca e sotme gjyq\u00ebsore tek kriemt e R\u00ebnda \u00ebsht\u00eb ndjekur edhe nga nj\u00eb p\u00ebrfaq\u00ebsues i Amabasad\u00ebs Amerikane. N\u00eb vendimin e nd\u00ebrmjet\u00ebm gjykata arsyetoi se k\u00ebrkesa nga i pandehuri \u00ebsht\u00eb b\u00ebr\u00eb brenda afateve ligjore dhe \u00e7\u00ebshtja mund t\u00eb zgjidhet n\u00eb gjendjen q\u00eb jan\u00eb aktet. N\u00eb k\u00ebto kushte, n\u00ebse ish-drejtori i Transporteve shpallet fajtor nga drejt\u00ebsia, ai p\u00ebrfiton menj\u00ebher\u00eb ulje t\u00eb nj\u00eb t\u00eb tret\u00ebs s\u00eb d\u00ebnimit. Pas k\u00ebtij vendimi, gjykata ftoi prokurorin\u00eb q\u00eb t\u00eb p\u00ebrgatis\u00eb konkluzionet p\u00ebrfundimtare.<br \/>\nIsh-zyrtari i lart\u00eb akuzohet p\u00ebr trafik narkotik\u00ebsh n\u00eb kuad\u00ebr t\u00eb grupit t\u00eb strukturuar kriminal, fshehje t\u00eb pasuris\u00eb dhe pastrim t\u00eb parave. Si prova faj\u00ebsie u renditen p\u00ebrgjimet telefonike t\u00eb realizuara nga autoritetet greke n\u00eb kuad\u00ebr t\u00eb nj\u00eb hetimi q\u00eb po kryhej atje p\u00ebr nj\u00eb organizat\u00eb kriminale q\u00eb trafikonte hashash e kokain\u00eb.<\/p>\n<p>Prokurori Nakuci deklaroi m\u00eb her\u00ebt se gjat\u00eb hetimit nga homolog\u00ebt grek\u00eb \u00ebsht\u00eb identifikuar nj\u00eb person me emrin Keli, q\u00eb m\u00eb von\u00eb ka rezultuar se ishte Kelmend Balili. Ky i fundit sipas institucionit t\u00eb akuz\u00ebs, ka patur rolin e organizatorit n\u00eb trafikimin e nj\u00eb sasie prej afro 800 kg hashash nga Shqip\u00ebria drejt Greqis\u00eb, atje ku edhe u arrestuan dy shtetas shqiptar\u00eb. N\u00eb k\u00ebrkes\u00ebn p\u00ebr gjykim binte n\u00eb sy fakti, se Balili ishte kall\u00ebzuar nga ILDKPI p\u00ebr fshehje pasuria, disa muaj pasi ishte shpallur n\u00eb k\u00ebrkim.<\/p>\n<p>Kelmend Balili jetoi p\u00ebr dy vite n\u00eb arrati p\u00ebr t\u2019u vet\u00ebdor\u00ebzuar vet\u00ebm disa jav\u00eb m\u00eb par\u00eb, kur dosja penale e tij u d\u00ebrgua p\u00ebr gjykim. Ai mohon t\u00eb jet\u00eb p\u00ebrfshir\u00eb n\u00eb veprimtari kriminale dhe k\u00ebmb\u00ebngul p\u00ebr pafaj\u00ebsi.<\/p>\n<p>&nbsp;<\/p>\n<p>&nbsp;<\/p>\n","protected":false},"excerpt":{"rendered":"<p>Gjykata p\u00ebr Krime t\u00eb R\u00ebnda vendosi t\u00eb pranoj\u00eb k\u00ebrkes\u00ebn p\u00ebr gjykim t\u00eb shkurtuar p\u00ebr Kelmend Balilin, \u00e7ka tregonte se procesi p\u00ebr t\u00eb cil\u00ebsuarin si Eskobari i Ballkanit, do t\u00eb p\u00ebrmbyllej n\u00eb vet\u00ebm pak seanca, por nuk ndodhi ashtu. N\u00eb seanc\u00ebn e sotme, prokurori Ened Nakuci pritej t\u00eb shpallte pretenc\u00ebn p\u00ebr Balilin por seanca u shty [&hellip;]<\/p>\n","protected":false},"author":2013,"featured_media":70837,"comment_status":"open","ping_status":"closed","sticky":false,"template":"","format":"standard","meta":{"footnotes":""},"categories":[241,235],"tags":[],"class_list":{"0":"post-73467","1":"post","2":"type-post","3":"status-publish","4":"format-standard","5":"has-post-thumbnail","7":"category-aktualitet","8":"category-vendi"},"_links":{"self":[{"href":"https:\/\/zjarr.tv\/sq\/wp-json\/wp\/v2\/posts\/73467","targetHints":{"allow":["GET"]}}],"collection":[{"href":"https:\/\/zjarr.tv\/sq\/wp-json\/wp\/v2\/posts"}],"about":[{"href":"https:\/\/zjarr.tv\/sq\/wp-json\/wp\/v2\/types\/post"}],"author":[{"embeddable":true,"href":"https:\/\/zjarr.tv\/sq\/wp-json\/wp\/v2\/users\/2013"}],"replies":[{"embeddable":true,"href":"https:\/\/zjarr.tv\/sq\/wp-json\/wp\/v2\/comments?post=73467"}],"version-history":[{"count":0,"href":"https:\/\/zjarr.tv\/sq\/wp-json\/wp\/v2\/posts\/73467\/revisions"}],"wp:featuredmedia":[{"embeddable":true,"href":"https:\/\/zjarr.tv\/sq\/wp-json\/wp\/v2\/media\/70837"}],"wp:attachment":[{"href":"https:\/\/zjarr.tv\/sq\/wp-json\/wp\/v2\/media?parent=73467"}],"wp:term":[{"taxonomy":"category","embeddable":true,"href":"https:\/\/zjarr.tv\/sq\/wp-json\/wp\/v2\/categories?post=73467"},{"taxonomy":"post_tag","embeddable":true,"href":"https:\/\/zjarr.tv\/sq\/wp-json\/wp\/v2\/tags?post=73467"}],"curies":[{"name":"wp","href":"https:\/\/api.w.org\/{rel}","templated":true}]}}