{"id":73479,"date":"2019-03-12T13:31:59","date_gmt":"2019-03-12T12:31:59","guid":{"rendered":"https:\/\/zjarr.tv\/?p=73479"},"modified":"2019-03-12T13:31:59","modified_gmt":"2019-03-12T12:31:59","slug":"kosova-publikon-listen-e-lojtareve-per-euro-2020","status":"publish","type":"post","link":"https:\/\/zjarr.tv\/sq\/kosova-publikon-listen-e-lojtareve-per-euro-2020\/","title":{"rendered":"Kosova publikon list\u00ebn e lojtar\u00ebve p\u00ebr Euro 2020"},"content":{"rendered":"<p>Shum\u00eb talent dhe lojtar\u00eb q\u00eb aktivizohensi titullar\u00eb me skuadrat e tyre t\u00eb klubeve. Me k\u00ebt\u00eb nd\u00ebrthurje, komb\u00ebtarja e Kosov\u00ebs do t\u00eb nis\u00eb aventur\u00ebn e saj n\u00eb eliminatoret e Euro 2020, ku n\u00eb program ka dy ndeshjet e para t\u00eb muajit mars kund\u00ebr Danimark\u00ebs dhe Bullgaris\u00eb. Mediat kosovare b\u00ebn\u00eb publike list\u00ebn me 24 lojtar\u00ebt q\u00eb trajneri Bernard Challendes do t\u00eb ket\u00eb n\u00eb dispozicion p\u00ebr k\u00ebto sfida. Tre jan\u00eb risit\u00eb e teknikut zvicerian, q\u00eb i ka d\u00ebrguar ftes\u00eb mesfushorit Florent Hasani dhe ka rikthyer n\u00eb ekip Bersant Celina dhe Bernard Berish\u00ebn.<\/p>\n<p>Portier\u00eb:<br \/>\nSamir Ujkani \u2013 Caykur Rizespor<br \/>\nArijanet Muric \u2013 Manchester City<br \/>\nVisar Bekaj \u2013 FC Prishtina<\/p>\n<p>Mbrojt\u00ebs:<br \/>\nAmir Rrahmani \u2013 GNK Dinamo Zagreb<br \/>\nFidan Aliti \u2013 Kalmar<br \/>\nM\u00ebrgim Vojvoda \u2013 Royal Excel Mouscron<br \/>\nLeart Paqarada \u2013 SV Sandhausen<br \/>\nBenjamin Kololli \u2013 FC Zurich<br \/>\nArbenit Xhemajli \u2013 Neuch\u00e2tel Xamax<br \/>\nMirlind Kryeziu \u2013 FC Zurich<\/p>\n<p>Mesfushor\u00eb:<br \/>\nFlorent Hasani \u2013 Diosgyor<br \/>\nBersant Celina \u2013 Swansea<br \/>\nValon Berisha \u2013 SS Lazio<br \/>\nHekuran Kryeziu \u2013 FC Zurich<br \/>\nHerolind Shala \u2013 V\u00e5lerenga Fotball<br \/>\nIdriz Voca \u2013 FC Luzern<br \/>\nBesar Halimi \u2013 Br\u00f8ndby<br \/>\nArb\u00ebr Zeneli \u2013 Reims<br \/>\nMilot Rashica \u2013 SV Werder Bremen<br \/>\nEdon Zhegrova \u2013 Basel<br \/>\nBernard Berisha \u2013 Akhmat Grozny<\/p>\n<p>Sulmues:<br \/>\nVedat Muriqi \u2013 Caykur Rizespor<br \/>\nAtdhe Nuhiu \u2013 FC Sheffield \u00cbednesday<br \/>\nLirim Kastrati \u2013 Lokomotiva Zagreb<\/p>\n","protected":false},"excerpt":{"rendered":"<p>Shum\u00eb talent dhe lojtar\u00eb q\u00eb aktivizohensi titullar\u00eb me skuadrat e tyre t\u00eb klubeve. Me k\u00ebt\u00eb nd\u00ebrthurje, komb\u00ebtarja e Kosov\u00ebs do t\u00eb nis\u00eb aventur\u00ebn e saj n\u00eb eliminatoret e Euro 2020, ku n\u00eb program ka dy ndeshjet e para t\u00eb muajit mars kund\u00ebr Danimark\u00ebs dhe Bullgaris\u00eb. Mediat kosovare b\u00ebn\u00eb publike list\u00ebn me 24 lojtar\u00ebt q\u00eb trajneri [&hellip;]<\/p>\n","protected":false},"author":2013,"featured_media":73480,"comment_status":"open","ping_status":"closed","sticky":false,"template":"","format":"standard","meta":{"footnotes":""},"categories":[241,192],"tags":[],"class_list":{"0":"post-73479","1":"post","2":"type-post","3":"status-publish","4":"format-standard","5":"has-post-thumbnail","7":"category-aktualitet","8":"category-sport"},"_links":{"self":[{"href":"https:\/\/zjarr.tv\/sq\/wp-json\/wp\/v2\/posts\/73479","targetHints":{"allow":["GET"]}}],"collection":[{"href":"https:\/\/zjarr.tv\/sq\/wp-json\/wp\/v2\/posts"}],"about":[{"href":"https:\/\/zjarr.tv\/sq\/wp-json\/wp\/v2\/types\/post"}],"author":[{"embeddable":true,"href":"https:\/\/zjarr.tv\/sq\/wp-json\/wp\/v2\/users\/2013"}],"replies":[{"embeddable":true,"href":"https:\/\/zjarr.tv\/sq\/wp-json\/wp\/v2\/comments?post=73479"}],"version-history":[{"count":0,"href":"https:\/\/zjarr.tv\/sq\/wp-json\/wp\/v2\/posts\/73479\/revisions"}],"wp:featuredmedia":[{"embeddable":true,"href":"https:\/\/zjarr.tv\/sq\/wp-json\/wp\/v2\/media\/73480"}],"wp:attachment":[{"href":"https:\/\/zjarr.tv\/sq\/wp-json\/wp\/v2\/media?parent=73479"}],"wp:term":[{"taxonomy":"category","embeddable":true,"href":"https:\/\/zjarr.tv\/sq\/wp-json\/wp\/v2\/categories?post=73479"},{"taxonomy":"post_tag","embeddable":true,"href":"https:\/\/zjarr.tv\/sq\/wp-json\/wp\/v2\/tags?post=73479"}],"curies":[{"name":"wp","href":"https:\/\/api.w.org\/{rel}","templated":true}]}}