{"id":73494,"date":"2019-03-12T13:56:48","date_gmt":"2019-03-12T12:56:48","guid":{"rendered":"https:\/\/zjarr.tv\/?p=73494"},"modified":"2019-03-12T13:56:48","modified_gmt":"2019-03-12T12:56:48","slug":"zaev-vizite-ne-tirane-te-merkuren","status":"publish","type":"post","link":"https:\/\/zjarr.tv\/sq\/zaev-vizite-ne-tirane-te-merkuren\/","title":{"rendered":"Zaev vizit\u00eb n\u00eb Tiran\u00eb t\u00eb m\u00ebrkur\u00ebn"},"content":{"rendered":"<p>Kryeministri i Republik\u00ebs s\u00eb Maqedonis\u00eb s\u00eb Veriut, Zoran Zaev do t\u00eb zhvillojn\u00eb nj\u00eb vizit\u00eb zyrtare t\u00eb m\u00ebrkur\u00ebn n\u00eb Shqip\u00ebri. M\u00ebsohet se Zaev gjat\u00eb vizit\u00ebs q\u00eb do t\u00eb zhvilloj\u00eb n\u00eb Shqip\u00ebri do t\u00eb shoq\u00ebrohet nga zv\/kryeministri p\u00ebr \u00c7\u00ebshtjet Evropiane, Bujar Osmani dhe me ministrin e Pun\u00ebve t\u00eb Jashtme, Nikolla Dimitrov. N\u00eb Tiran\u00eb ekipi qeveritar do t\u00eb takohet me kryeministrin Edi Rama dhe kreun e Kuvendit t\u00eb Shqip\u00ebris\u00eb, Gramoz Ru\u00e7i.<\/p>\n","protected":false},"excerpt":{"rendered":"<p>Kryeministri i Republik\u00ebs s\u00eb Maqedonis\u00eb s\u00eb Veriut, Zoran Zaev do t\u00eb zhvillojn\u00eb nj\u00eb vizit\u00eb zyrtare t\u00eb m\u00ebrkur\u00ebn n\u00eb Shqip\u00ebri. M\u00ebsohet se Zaev gjat\u00eb vizit\u00ebs q\u00eb do t\u00eb zhvilloj\u00eb n\u00eb Shqip\u00ebri do t\u00eb shoq\u00ebrohet nga zv\/kryeministri p\u00ebr \u00c7\u00ebshtjet Evropiane, Bujar Osmani dhe me ministrin e Pun\u00ebve t\u00eb Jashtme, Nikolla Dimitrov. N\u00eb Tiran\u00eb ekipi qeveritar do t\u00eb [&hellip;]<\/p>\n","protected":false},"author":2013,"featured_media":53177,"comment_status":"open","ping_status":"closed","sticky":false,"template":"","format":"standard","meta":{"footnotes":""},"categories":[241,235],"tags":[],"class_list":{"0":"post-73494","1":"post","2":"type-post","3":"status-publish","4":"format-standard","5":"has-post-thumbnail","7":"category-aktualitet","8":"category-vendi"},"_links":{"self":[{"href":"https:\/\/zjarr.tv\/sq\/wp-json\/wp\/v2\/posts\/73494","targetHints":{"allow":["GET"]}}],"collection":[{"href":"https:\/\/zjarr.tv\/sq\/wp-json\/wp\/v2\/posts"}],"about":[{"href":"https:\/\/zjarr.tv\/sq\/wp-json\/wp\/v2\/types\/post"}],"author":[{"embeddable":true,"href":"https:\/\/zjarr.tv\/sq\/wp-json\/wp\/v2\/users\/2013"}],"replies":[{"embeddable":true,"href":"https:\/\/zjarr.tv\/sq\/wp-json\/wp\/v2\/comments?post=73494"}],"version-history":[{"count":0,"href":"https:\/\/zjarr.tv\/sq\/wp-json\/wp\/v2\/posts\/73494\/revisions"}],"wp:featuredmedia":[{"embeddable":true,"href":"https:\/\/zjarr.tv\/sq\/wp-json\/wp\/v2\/media\/53177"}],"wp:attachment":[{"href":"https:\/\/zjarr.tv\/sq\/wp-json\/wp\/v2\/media?parent=73494"}],"wp:term":[{"taxonomy":"category","embeddable":true,"href":"https:\/\/zjarr.tv\/sq\/wp-json\/wp\/v2\/categories?post=73494"},{"taxonomy":"post_tag","embeddable":true,"href":"https:\/\/zjarr.tv\/sq\/wp-json\/wp\/v2\/tags?post=73494"}],"curies":[{"name":"wp","href":"https:\/\/api.w.org\/{rel}","templated":true}]}}