{"id":73505,"date":"2019-03-12T14:08:08","date_gmt":"2019-03-12T13:08:08","guid":{"rendered":"https:\/\/zjarr.tv\/?p=73505"},"modified":"2019-03-12T14:08:08","modified_gmt":"2019-03-12T13:08:08","slug":"aksidentoi-nje-femije-jep-doreheqjen-ministrja","status":"publish","type":"post","link":"https:\/\/zjarr.tv\/sq\/aksidentoi-nje-femije-jep-doreheqjen-ministrja\/","title":{"rendered":"Aksidentoi nj\u00eb f\u00ebmij\u00eb, jep dor\u00ebheqjen ministrja"},"content":{"rendered":"<p>Ministrja kroate Gabrijela Zalac, e cila t\u00eb shtun\u00ebn e kaluar e ka goditur me makin\u00eb nj\u00eb f\u00ebmij\u00eb dhe n\u00eb at\u00eb \u00e7ast nuk ka pasur patent shofer t\u00eb vlefsh\u00ebm, ka ofruar dor\u00ebheqje, por kryeministri i qeveris\u00eb kroate Andrej Plenkovic nuk ia ka pranuar.<\/p>\n<p>\u201cM\u00eb e r\u00ebnd\u00ebsishmja \u00ebsht\u00eb se vajza \u00ebsht\u00eb mir\u00eb\u201d, ka th\u00ebn\u00eb Plenkovic.<\/p>\n<p>&nbsp;<\/p>\n<p>\u201cSa i p\u00ebrket patentshoferit, ky \u00ebsht\u00eb l\u00ebshim, pakujdesi. Mir\u00ebpo, kjo nuk \u00ebsht\u00eb vep\u00ebr penale, \u00ebsht\u00eb kund\u00ebrvajtje. Ajo e ka paguar d\u00ebnimin, do ta nxjerr\u00eb patentshoferin e tij\u201d, ka th\u00ebn\u00eb Plenkovic, duke pohuar se ministrja ka ofruar dor\u00ebheqje dhe ai ka menduar p\u00ebr k\u00ebt\u00eb nga e shtuna. Mediet e rajonit kan\u00eb b\u00ebr\u00eb t\u00eb ditur se aksidenti \u00ebsht\u00eb shkaktuar pasi q\u00eb vajza 10 vje\u00e7are ka vrapuar pa kujdes n\u00eb rrug\u00eb dhe k\u00ebshtu ka ardhur deri te ndeshja me makin\u00ebn e ministres. Sa i p\u00ebrket patentshoferit, ajo n\u00eb fakt e ka pasur, por t\u00eb skaduar, ka th\u00ebn\u00eb se ka harruar ta marr\u00eb t\u00eb riun.<\/p>\n<p>&nbsp;<\/p>\n<p>&nbsp;<\/p>\n","protected":false},"excerpt":{"rendered":"<p>Ministrja kroate Gabrijela Zalac, e cila t\u00eb shtun\u00ebn e kaluar e ka goditur me makin\u00eb nj\u00eb f\u00ebmij\u00eb dhe n\u00eb at\u00eb \u00e7ast nuk ka pasur patent shofer t\u00eb vlefsh\u00ebm, ka ofruar dor\u00ebheqje, por kryeministri i qeveris\u00eb kroate Andrej Plenkovic nuk ia ka pranuar. \u201cM\u00eb e r\u00ebnd\u00ebsishmja \u00ebsht\u00eb se vajza \u00ebsht\u00eb mir\u00eb\u201d, ka th\u00ebn\u00eb Plenkovic. &nbsp; \u201cSa [&hellip;]<\/p>\n","protected":false},"author":2013,"featured_media":0,"comment_status":"open","ping_status":"closed","sticky":false,"template":"","format":"standard","meta":{"footnotes":""},"categories":[241,191],"tags":[],"class_list":{"0":"post-73505","1":"post","2":"type-post","3":"status-publish","4":"format-standard","6":"category-aktualitet","7":"category-bota"},"_links":{"self":[{"href":"https:\/\/zjarr.tv\/sq\/wp-json\/wp\/v2\/posts\/73505","targetHints":{"allow":["GET"]}}],"collection":[{"href":"https:\/\/zjarr.tv\/sq\/wp-json\/wp\/v2\/posts"}],"about":[{"href":"https:\/\/zjarr.tv\/sq\/wp-json\/wp\/v2\/types\/post"}],"author":[{"embeddable":true,"href":"https:\/\/zjarr.tv\/sq\/wp-json\/wp\/v2\/users\/2013"}],"replies":[{"embeddable":true,"href":"https:\/\/zjarr.tv\/sq\/wp-json\/wp\/v2\/comments?post=73505"}],"version-history":[{"count":0,"href":"https:\/\/zjarr.tv\/sq\/wp-json\/wp\/v2\/posts\/73505\/revisions"}],"wp:attachment":[{"href":"https:\/\/zjarr.tv\/sq\/wp-json\/wp\/v2\/media?parent=73505"}],"wp:term":[{"taxonomy":"category","embeddable":true,"href":"https:\/\/zjarr.tv\/sq\/wp-json\/wp\/v2\/categories?post=73505"},{"taxonomy":"post_tag","embeddable":true,"href":"https:\/\/zjarr.tv\/sq\/wp-json\/wp\/v2\/tags?post=73505"}],"curies":[{"name":"wp","href":"https:\/\/api.w.org\/{rel}","templated":true}]}}