{"id":73510,"date":"2019-03-12T14:21:19","date_gmt":"2019-03-12T13:21:19","guid":{"rendered":"https:\/\/zjarr.tv\/?p=73510"},"modified":"2019-03-12T14:21:19","modified_gmt":"2019-03-12T13:21:19","slug":"tarifat-e-ujit-mund-te-rriten-flet-enti-rregullator","status":"publish","type":"post","link":"https:\/\/zjarr.tv\/sq\/tarifat-e-ujit-mund-te-rriten-flet-enti-rregullator\/","title":{"rendered":"Tarifat e ujit mund t\u00eb rriten, flet Enti Rregullator"},"content":{"rendered":"<p>Enti Rregullator i Ujit \u00ebsht\u00eb i mendimit se ka hap\u00ebsira q\u00eb n\u00eb t\u00eb gjitha shoq\u00ebrit\u00eb e uj\u00ebsjell\u00ebs kanalizimeve n\u00eb Tirane dhe rrethe t\u00eb rriten tarifat. P\u00ebrjashtim b\u00ebjn\u00eb vet\u00ebm bashkia Kor\u00e7\u00eb dhe ajo e Durr\u00ebsit. K\u00ebt\u00eb mendim kreu i entit e bazon n\u00eb t\u00eb dh\u00ebnat q\u00eb dalin nga INSTATI lidhur me p\u00ebrballueshm\u00ebrin\u00eb ekonomike t\u00eb qytetar\u00ebve p\u00ebr t\u00eb paguar.<\/p>\n<p><strong>\u00a0<\/strong><strong>Duke folur\u00a0 mbi situat\u00ebn ekonomike financiare t\u00eb uj\u00ebsjell\u00ebs- kanalizimeve gjat\u00eb vitit q\u00eb lam\u00eb pas, kreu i entit rregullator foli p\u00ebr rezultate surpriz\u00eb t\u00eb reform\u00ebs s\u00eb ujit. Afro tre vite m\u00eb par\u00eb qeveria nd\u00ebrmori nj\u00eb reform\u00eb p\u00ebr t\u00eb reduktuar lidhjet e paligjshme n\u00eb k\u00ebt\u00eb sektor, por projekti mund t\u00eb konsiderohet i d\u00ebshtuar.\u00a0Ne kishim nj\u00eb projeksion, n\u00eb fillim t\u00eb reform\u00ebs q\u00eb t\u00eb kishim nj\u00eb p\u00ebrmir\u00ebsim n\u00eb k\u00ebt\u00eb sektor n\u00eb mas\u00ebn\u00a0 20%. Por ajo q\u00eb mund t\u00eb themi \u00ebsht\u00eb se rezultati arriti vet\u00ebm n\u00eb 1.5%. problemet vijojn\u00eb t\u00eb jen\u00eb t\u00eb m\u00ebdha n\u00eb k\u00ebt\u00eb sektor.-u shpreh Ndri\u00e7im Shani, kreu i ERRU-s\u00eb.<\/strong><\/p>\n<p><strong>\u00a0<\/strong>Aktualisht, nga 587 shoq\u00ebri ujsell\u00ebsish q\u00eb operojn\u00eb n\u00eb vend, vet\u00ebm 42 prej tyre arrijn\u00eb t\u00eb mbulojn\u00eb shpenzimet, pjesa tjet\u00ebr vijon t\u00eb marr\u00eb para nga buxheti.<\/p>\n<p>&nbsp;<\/p>\n","protected":false},"excerpt":{"rendered":"<p>Enti Rregullator i Ujit \u00ebsht\u00eb i mendimit se ka hap\u00ebsira q\u00eb n\u00eb t\u00eb gjitha shoq\u00ebrit\u00eb e uj\u00ebsjell\u00ebs kanalizimeve n\u00eb Tirane dhe rrethe t\u00eb rriten tarifat. P\u00ebrjashtim b\u00ebjn\u00eb vet\u00ebm bashkia Kor\u00e7\u00eb dhe ajo e Durr\u00ebsit. K\u00ebt\u00eb mendim kreu i entit e bazon n\u00eb t\u00eb dh\u00ebnat q\u00eb dalin nga INSTATI lidhur me p\u00ebrballueshm\u00ebrin\u00eb ekonomike t\u00eb qytetar\u00ebve p\u00ebr [&hellip;]<\/p>\n","protected":false},"author":2013,"featured_media":0,"comment_status":"open","ping_status":"closed","sticky":false,"template":"","format":"standard","meta":{"footnotes":""},"categories":[241,235],"tags":[],"class_list":{"0":"post-73510","1":"post","2":"type-post","3":"status-publish","4":"format-standard","6":"category-aktualitet","7":"category-vendi"},"_links":{"self":[{"href":"https:\/\/zjarr.tv\/sq\/wp-json\/wp\/v2\/posts\/73510","targetHints":{"allow":["GET"]}}],"collection":[{"href":"https:\/\/zjarr.tv\/sq\/wp-json\/wp\/v2\/posts"}],"about":[{"href":"https:\/\/zjarr.tv\/sq\/wp-json\/wp\/v2\/types\/post"}],"author":[{"embeddable":true,"href":"https:\/\/zjarr.tv\/sq\/wp-json\/wp\/v2\/users\/2013"}],"replies":[{"embeddable":true,"href":"https:\/\/zjarr.tv\/sq\/wp-json\/wp\/v2\/comments?post=73510"}],"version-history":[{"count":0,"href":"https:\/\/zjarr.tv\/sq\/wp-json\/wp\/v2\/posts\/73510\/revisions"}],"wp:attachment":[{"href":"https:\/\/zjarr.tv\/sq\/wp-json\/wp\/v2\/media?parent=73510"}],"wp:term":[{"taxonomy":"category","embeddable":true,"href":"https:\/\/zjarr.tv\/sq\/wp-json\/wp\/v2\/categories?post=73510"},{"taxonomy":"post_tag","embeddable":true,"href":"https:\/\/zjarr.tv\/sq\/wp-json\/wp\/v2\/tags?post=73510"}],"curies":[{"name":"wp","href":"https:\/\/api.w.org\/{rel}","templated":true}]}}