{"id":73512,"date":"2019-03-12T14:24:39","date_gmt":"2019-03-12T13:24:39","guid":{"rendered":"https:\/\/zjarr.tv\/?p=73512"},"modified":"2019-03-12T14:24:39","modified_gmt":"2019-03-12T13:24:39","slug":"kosova-konfiskon-mallra-te-kontrabanduar-nga-serbia","status":"publish","type":"post","link":"https:\/\/zjarr.tv\/sq\/kosova-konfiskon-mallra-te-kontrabanduar-nga-serbia\/","title":{"rendered":"Kosova konfiskon mallra t\u00eb kontrabanduar nga Serbia"},"content":{"rendered":"<p>Mallra n\u00eb vler\u00ebn e 25 mij\u00eb eurove jan\u00eb sekuestruar nga dogana e Kosov\u00ebs jav\u00ebn e kaluar<br \/>\nZ\u00ebdh\u00ebn\u00ebsi i Dogan\u00ebs, Adriatik Stavileci, konfirmoi p\u00ebr Radion Evropa e Lir\u00eb se pjesa m\u00eb e madhe e mallrave t\u00eb konfiskuara \u00ebsht\u00eb nga Serbia.<br \/>\n\u201cMallrat (e kontrabanduara) &#8211; pjesa m\u00eb e madhe \u00ebsht\u00eb nga Serbia, por ka mallra edhe nga vendet tjera. Ka edhe kund\u00ebrvajtje, t\u00eb cilat jan\u00eb realizuar n\u00eb pika t\u00eb tjera kufitare. Sidoqoft\u00eb, nuk mund t\u00eb themi se \u00ebsht\u00eb nj\u00eb sasi shum\u00eb e madhe, por prap\u00ebseprap\u00eb, Dogana \u00ebsht\u00eb vigjilente p\u00ebr t&#8217;i ndaluar t\u00eb gjitha aktivitetet q\u00eb nd\u00ebrlidhen me kontrabandimin e mallrave n\u00eb Republik\u00ebn e Kosov\u00ebs\u201d, tha Stavileci.<br \/>\nNd\u00ebrkoh\u00eb n\u00eb nj\u00eb njoftim p\u00ebr shtyp m\u00ebsohet se jan\u00eb zbuluar 18 raste t\u00eb mallrave t\u00eb dyshimta si kontraband\u00eb, t\u00eb cilat kan\u00eb qen\u00eb kryesisht pije alkoolike dhe jo-alkoolike, mallra ushqimore dhe teknik\u00eb e ndryshme.<br \/>\nPara se Kosova t\u00eb vendoste taks\u00ebn 100% , \u00ebsht\u00eb vler\u00ebsuar se Serbia ka eksportuar n\u00eb Kosov\u00eb mallra n\u00eb vler\u00eb deri n\u00eb 1 milion euro n\u00eb dit\u00eb.<\/p>\n","protected":false},"excerpt":{"rendered":"<p>Mallra n\u00eb vler\u00ebn e 25 mij\u00eb eurove jan\u00eb sekuestruar nga dogana e Kosov\u00ebs jav\u00ebn e kaluar Z\u00ebdh\u00ebn\u00ebsi i Dogan\u00ebs, Adriatik Stavileci, konfirmoi p\u00ebr Radion Evropa e Lir\u00eb se pjesa m\u00eb e madhe e mallrave t\u00eb konfiskuara \u00ebsht\u00eb nga Serbia. \u201cMallrat (e kontrabanduara) &#8211; pjesa m\u00eb e madhe \u00ebsht\u00eb nga Serbia, por ka mallra edhe nga [&hellip;]<\/p>\n","protected":false},"author":2013,"featured_media":73513,"comment_status":"open","ping_status":"closed","sticky":false,"template":"","format":"standard","meta":{"footnotes":""},"categories":[241],"tags":[],"class_list":{"0":"post-73512","1":"post","2":"type-post","3":"status-publish","4":"format-standard","5":"has-post-thumbnail","7":"category-aktualitet"},"_links":{"self":[{"href":"https:\/\/zjarr.tv\/sq\/wp-json\/wp\/v2\/posts\/73512","targetHints":{"allow":["GET"]}}],"collection":[{"href":"https:\/\/zjarr.tv\/sq\/wp-json\/wp\/v2\/posts"}],"about":[{"href":"https:\/\/zjarr.tv\/sq\/wp-json\/wp\/v2\/types\/post"}],"author":[{"embeddable":true,"href":"https:\/\/zjarr.tv\/sq\/wp-json\/wp\/v2\/users\/2013"}],"replies":[{"embeddable":true,"href":"https:\/\/zjarr.tv\/sq\/wp-json\/wp\/v2\/comments?post=73512"}],"version-history":[{"count":0,"href":"https:\/\/zjarr.tv\/sq\/wp-json\/wp\/v2\/posts\/73512\/revisions"}],"wp:featuredmedia":[{"embeddable":true,"href":"https:\/\/zjarr.tv\/sq\/wp-json\/wp\/v2\/media\/73513"}],"wp:attachment":[{"href":"https:\/\/zjarr.tv\/sq\/wp-json\/wp\/v2\/media?parent=73512"}],"wp:term":[{"taxonomy":"category","embeddable":true,"href":"https:\/\/zjarr.tv\/sq\/wp-json\/wp\/v2\/categories?post=73512"},{"taxonomy":"post_tag","embeddable":true,"href":"https:\/\/zjarr.tv\/sq\/wp-json\/wp\/v2\/tags?post=73512"}],"curies":[{"name":"wp","href":"https:\/\/api.w.org\/{rel}","templated":true}]}}