{"id":73519,"date":"2019-03-12T14:35:54","date_gmt":"2019-03-12T13:35:54","guid":{"rendered":"https:\/\/zjarr.tv\/?p=73519"},"modified":"2019-03-12T14:35:54","modified_gmt":"2019-03-12T13:35:54","slug":"babai-i-dehur-rreh-djalin-qellon-me-thike-edhe-vajzen-e-mitur","status":"publish","type":"post","link":"https:\/\/zjarr.tv\/sq\/babai-i-dehur-rreh-djalin-qellon-me-thike-edhe-vajzen-e-mitur\/","title":{"rendered":"Babai i dehur rreh djalin, q\u00ebllon me thik\u00eb edhe vajz\u00ebn e mitur"},"content":{"rendered":"<p>N\u00eb gjende t\u00eb dehur nj\u00eb 50 vje\u00e7ar nga Vlora p\u00ebr pak sa nuk ka shkaktuar nj\u00eb tragjedi n\u00eb familjen e tij. Burri me inicialet P.Sh. si\u00e7 raporton policia, m\u00ebsohet t\u00eb ket\u00eb ushtruar dhun\u00eb fizike ndaj t\u00eb birit, nd\u00ebrsa ka plagosur me thik\u00eb n\u00eb dor\u00eb vajz\u00ebn e tij. Situata mund t\u00eb kishte qen\u00eb edhe m\u00eb e r\u00ebnd\u00eb, por policia ka nd\u00ebrhyr\u00eb dhe e ka arrestuar vlonjatin.<\/p>\n<p><strong>NJOFTIMI I POLICISE<\/strong><\/p>\n<p>Nd\u00ebrhyrja n\u00eb koh\u00eb e Policis\u00eb parandalon nj\u00eb krim n\u00eb familje.<\/p>\n<p>Policia e Vlor\u00ebs fal\u00eb nd\u00ebrhyrjes n\u00eb koh\u00eb ka parandaluar p\u00ebrshkall\u00ebzimin e nj\u00eb konflikti familjar me pasoja t\u00eb r\u00ebnda.<\/p>\n<p>Arrestohet n\u00eb flagranc\u00eb shtetasi P.Sh., 50 vje\u00e7, pasi n\u00eb banes\u00eb, n\u00ebn e efektin e pijeve alkoolike, ka ushtruar dhun\u00eb fizike ndaj djalit t\u00eb tij dhe ka plagosur leht\u00eb n\u00eb dor\u00eb me mjete prer\u00ebse (thik\u00eb) vajz\u00ebn e mitur<\/p>\n","protected":false},"excerpt":{"rendered":"<p>N\u00eb gjende t\u00eb dehur nj\u00eb 50 vje\u00e7ar nga Vlora p\u00ebr pak sa nuk ka shkaktuar nj\u00eb tragjedi n\u00eb familjen e tij. Burri me inicialet P.Sh. si\u00e7 raporton policia, m\u00ebsohet t\u00eb ket\u00eb ushtruar dhun\u00eb fizike ndaj t\u00eb birit, nd\u00ebrsa ka plagosur me thik\u00eb n\u00eb dor\u00eb vajz\u00ebn e tij. Situata mund t\u00eb kishte qen\u00eb edhe m\u00eb e [&hellip;]<\/p>\n","protected":false},"author":4,"featured_media":70855,"comment_status":"open","ping_status":"closed","sticky":false,"template":"","format":"standard","meta":{"footnotes":""},"categories":[241,231,235],"tags":[],"class_list":{"0":"post-73519","1":"post","2":"type-post","3":"status-publish","4":"format-standard","5":"has-post-thumbnail","7":"category-aktualitet","8":"category-lajme","9":"category-vendi"},"_links":{"self":[{"href":"https:\/\/zjarr.tv\/sq\/wp-json\/wp\/v2\/posts\/73519","targetHints":{"allow":["GET"]}}],"collection":[{"href":"https:\/\/zjarr.tv\/sq\/wp-json\/wp\/v2\/posts"}],"about":[{"href":"https:\/\/zjarr.tv\/sq\/wp-json\/wp\/v2\/types\/post"}],"author":[{"embeddable":true,"href":"https:\/\/zjarr.tv\/sq\/wp-json\/wp\/v2\/users\/4"}],"replies":[{"embeddable":true,"href":"https:\/\/zjarr.tv\/sq\/wp-json\/wp\/v2\/comments?post=73519"}],"version-history":[{"count":0,"href":"https:\/\/zjarr.tv\/sq\/wp-json\/wp\/v2\/posts\/73519\/revisions"}],"wp:featuredmedia":[{"embeddable":true,"href":"https:\/\/zjarr.tv\/sq\/wp-json\/wp\/v2\/media\/70855"}],"wp:attachment":[{"href":"https:\/\/zjarr.tv\/sq\/wp-json\/wp\/v2\/media?parent=73519"}],"wp:term":[{"taxonomy":"category","embeddable":true,"href":"https:\/\/zjarr.tv\/sq\/wp-json\/wp\/v2\/categories?post=73519"},{"taxonomy":"post_tag","embeddable":true,"href":"https:\/\/zjarr.tv\/sq\/wp-json\/wp\/v2\/tags?post=73519"}],"curies":[{"name":"wp","href":"https:\/\/api.w.org\/{rel}","templated":true}]}}