{"id":73524,"date":"2019-03-12T14:50:48","date_gmt":"2019-03-12T13:50:48","guid":{"rendered":"https:\/\/zjarr.tv\/?p=73524"},"modified":"2019-03-12T14:50:48","modified_gmt":"2019-03-12T13:50:48","slug":"mesfushori-serb-e-quan-vella-thomas-strakoshen","status":"publish","type":"post","link":"https:\/\/zjarr.tv\/sq\/mesfushori-serb-e-quan-vella-thomas-strakoshen\/","title":{"rendered":"Mesfushori serb e quan v\u00eblla Thomas Strakosh\u00ebn"},"content":{"rendered":"<p>Portieri i Komb\u00ebtares shqiptare \u00ebsht\u00eb duke kaluar n\u00ebp\u00ebr nj\u00eb form\u00eb t\u00eb jasht\u00ebzakonshme me skuadr\u00ebn nga kryeqyteti italian. Portieri i talentuar shqiptar vler\u00ebsohet lart nga trajneri, Simone Inzaghi dhe \u00ebsht\u00eb i papreksh\u00ebm n\u00eb formacionin baz\u00eb. S\u00eb fundmi, Strakosha ka publikuar nj\u00eb foto n\u00eb rrjetin social, Instagram me p\u00ebrshkrimin: \u201cRikuperimi n\u00eb proces\u201d. Mesfushori serb i ka shkruar Strakosh\u00ebs nj\u00eb koment: \u201cBravo v\u00eblla\u201d.<\/p>\n<p>Ndryshe, vlen t\u00eb p\u00ebrmendet se n\u00eb Lazio luajn\u00eb edhe shqiptar\u00ebt Valon Berisha dhe Riza Durmishi<\/p>\n<p>&nbsp;<\/p>\n<p>&nbsp;<\/p>\n","protected":false},"excerpt":{"rendered":"<p>Portieri i Komb\u00ebtares shqiptare \u00ebsht\u00eb duke kaluar n\u00ebp\u00ebr nj\u00eb form\u00eb t\u00eb jasht\u00ebzakonshme me skuadr\u00ebn nga kryeqyteti italian. Portieri i talentuar shqiptar vler\u00ebsohet lart nga trajneri, Simone Inzaghi dhe \u00ebsht\u00eb i papreksh\u00ebm n\u00eb formacionin baz\u00eb. S\u00eb fundmi, Strakosha ka publikuar nj\u00eb foto n\u00eb rrjetin social, Instagram me p\u00ebrshkrimin: \u201cRikuperimi n\u00eb proces\u201d. Mesfushori serb i ka shkruar [&hellip;]<\/p>\n","protected":false},"author":2013,"featured_media":0,"comment_status":"open","ping_status":"closed","sticky":false,"template":"","format":"standard","meta":{"footnotes":""},"categories":[241,192],"tags":[],"class_list":{"0":"post-73524","1":"post","2":"type-post","3":"status-publish","4":"format-standard","6":"category-aktualitet","7":"category-sport"},"_links":{"self":[{"href":"https:\/\/zjarr.tv\/sq\/wp-json\/wp\/v2\/posts\/73524","targetHints":{"allow":["GET"]}}],"collection":[{"href":"https:\/\/zjarr.tv\/sq\/wp-json\/wp\/v2\/posts"}],"about":[{"href":"https:\/\/zjarr.tv\/sq\/wp-json\/wp\/v2\/types\/post"}],"author":[{"embeddable":true,"href":"https:\/\/zjarr.tv\/sq\/wp-json\/wp\/v2\/users\/2013"}],"replies":[{"embeddable":true,"href":"https:\/\/zjarr.tv\/sq\/wp-json\/wp\/v2\/comments?post=73524"}],"version-history":[{"count":0,"href":"https:\/\/zjarr.tv\/sq\/wp-json\/wp\/v2\/posts\/73524\/revisions"}],"wp:attachment":[{"href":"https:\/\/zjarr.tv\/sq\/wp-json\/wp\/v2\/media?parent=73524"}],"wp:term":[{"taxonomy":"category","embeddable":true,"href":"https:\/\/zjarr.tv\/sq\/wp-json\/wp\/v2\/categories?post=73524"},{"taxonomy":"post_tag","embeddable":true,"href":"https:\/\/zjarr.tv\/sq\/wp-json\/wp\/v2\/tags?post=73524"}],"curies":[{"name":"wp","href":"https:\/\/api.w.org\/{rel}","templated":true}]}}