{"id":73527,"date":"2019-03-12T14:52:58","date_gmt":"2019-03-12T13:52:58","guid":{"rendered":"https:\/\/zjarr.tv\/?p=73527"},"modified":"2019-03-12T14:52:58","modified_gmt":"2019-03-12T13:52:58","slug":"greqi-stuhi-dhe-erera-te-forta","status":"publish","type":"post","link":"https:\/\/zjarr.tv\/sq\/greqi-stuhi-dhe-erera-te-forta\/","title":{"rendered":"Greqi\/ Stuhi dhe er\u00ebra t\u00eb forta"},"content":{"rendered":"<p>Pas nj\u00eb fundjave e cila ishte me mot t\u00eb qet\u00eb, me er\u00eb t\u00eb past\u00ebr dhe t\u00eb ngroht\u00eb pranverore, Greqia po p\u00ebrjeton nj\u00eb situat\u00eb aspak t\u00eb mir\u00eb sa i takon kushteve atmosferike. Temperaturat kan\u00eb zbritur deri n\u00eb 10 grad\u00eb celcius. Er\u00ebrat e fuqishme jan\u00eb ndjer\u00eb kudo, edhe n\u00eb kryeqytet, Athin\u00eb. Sh\u00ebrbimi i motit t\u00eb Observatorit Komb\u00ebtar t\u00eb mart\u00ebn n\u00eb m\u00ebngjes paralajm\u00ebroi p\u00ebr stuhit\u00eb dhe er\u00ebrat e forta q\u00eb ndikonin n\u00eb pjes\u00ebn m\u00eb t\u00eb madhe t\u00eb vendit, nga per\u00ebndimi dhe veriu deri n\u00eb pjes\u00ebn lindore t\u00eb Egjeut,me d\u00ebbor\u00eb n\u00eb pjes\u00ebt m\u00eb &#8220;t\u00eb larta&#8221;. D\u00ebbor\u00eb ka r\u00ebn\u00eb edhe n\u00eb Atika, ku temperaturat gjat\u00eb t\u00eb mart\u00ebs kan\u00eb r\u00ebn\u00eb n\u00eb 7 grad\u00eb.\u00a0 Nj\u00eb nat\u00eb e ftoht\u00eb mbajti edhe n\u00eb Selanik, ku gjat\u00eb nat\u00ebs er\u00ebrat kan\u00eb qen\u00eb t\u00eb ftohta.<\/p>\n<p>&nbsp;<\/p>\n<p>&nbsp;<\/p>\n","protected":false},"excerpt":{"rendered":"<p>Pas nj\u00eb fundjave e cila ishte me mot t\u00eb qet\u00eb, me er\u00eb t\u00eb past\u00ebr dhe t\u00eb ngroht\u00eb pranverore, Greqia po p\u00ebrjeton nj\u00eb situat\u00eb aspak t\u00eb mir\u00eb sa i takon kushteve atmosferike. Temperaturat kan\u00eb zbritur deri n\u00eb 10 grad\u00eb celcius. Er\u00ebrat e fuqishme jan\u00eb ndjer\u00eb kudo, edhe n\u00eb kryeqytet, Athin\u00eb. Sh\u00ebrbimi i motit t\u00eb Observatorit Komb\u00ebtar [&hellip;]<\/p>\n","protected":false},"author":2013,"featured_media":0,"comment_status":"open","ping_status":"closed","sticky":false,"template":"","format":"standard","meta":{"footnotes":""},"categories":[241,2],"tags":[],"class_list":{"0":"post-73527","1":"post","2":"type-post","3":"status-publish","4":"format-standard","6":"category-aktualitet","7":"category-rajoni"},"_links":{"self":[{"href":"https:\/\/zjarr.tv\/sq\/wp-json\/wp\/v2\/posts\/73527","targetHints":{"allow":["GET"]}}],"collection":[{"href":"https:\/\/zjarr.tv\/sq\/wp-json\/wp\/v2\/posts"}],"about":[{"href":"https:\/\/zjarr.tv\/sq\/wp-json\/wp\/v2\/types\/post"}],"author":[{"embeddable":true,"href":"https:\/\/zjarr.tv\/sq\/wp-json\/wp\/v2\/users\/2013"}],"replies":[{"embeddable":true,"href":"https:\/\/zjarr.tv\/sq\/wp-json\/wp\/v2\/comments?post=73527"}],"version-history":[{"count":0,"href":"https:\/\/zjarr.tv\/sq\/wp-json\/wp\/v2\/posts\/73527\/revisions"}],"wp:attachment":[{"href":"https:\/\/zjarr.tv\/sq\/wp-json\/wp\/v2\/media?parent=73527"}],"wp:term":[{"taxonomy":"category","embeddable":true,"href":"https:\/\/zjarr.tv\/sq\/wp-json\/wp\/v2\/categories?post=73527"},{"taxonomy":"post_tag","embeddable":true,"href":"https:\/\/zjarr.tv\/sq\/wp-json\/wp\/v2\/tags?post=73527"}],"curies":[{"name":"wp","href":"https:\/\/api.w.org\/{rel}","templated":true}]}}