{"id":73535,"date":"2019-03-12T14:59:10","date_gmt":"2019-03-12T13:59:10","guid":{"rendered":"https:\/\/zjarr.tv\/?p=73535"},"modified":"2019-03-12T14:59:10","modified_gmt":"2019-03-12T13:59:10","slug":"kqz-i-jep-mandatin-e-flamur-nokes-alban-zenelit","status":"publish","type":"post","link":"https:\/\/zjarr.tv\/sq\/kqz-i-jep-mandatin-e-flamur-nokes-alban-zenelit\/","title":{"rendered":"KQZ i jep mandatin e Flamur Nok\u00ebs, Alban Zenelit"},"content":{"rendered":"<p>Alban Zeneli nga lista e Partis\u00eb Demokratike \u00ebsht\u00eb zgjedhur sot nga KQZ-ja p\u00ebr t\u00eb z\u00ebvend\u00ebsuar Flamur Nok\u00ebn si deputet n\u00eb Qarkun e Kuk\u00ebsit. Pak dit\u00eb m\u00eb par\u00eb Zeneli dor\u00ebzoi formularin e dekriminalizimit n\u00eb KQZ duke shprehur vullnetin p\u00ebr t\u00eb pranuar mandatin e deputetit. KQZ-ja diskutoi mbi rastin e Alban Zenelit pasi renditej tek ata kandidat\u00eb q\u00eb kan\u00eb ndryshuar mendje, pasi ai fillimisht ka firmosur l\u00ebnien e mandatit n\u00eb bllok. Madje n\u00eb protest\u00ebn e 5 marsit, ai ka marr\u00eb fjal\u00ebn duke djegur publikisht mandatin. Nd\u00ebrkoh\u00eb q\u00eb jan\u00eb 16 deputet\u00eb t\u00eb Partis\u00eb Demokratike dhe L\u00ebvijes Socialiste p\u00ebr Integrim q\u00eb kan\u00eb l\u00ebn\u00eb mandatet dhe sot rreth or\u00ebs 14:00 Komisioni Qendror i Zgjedhjeve \u00ebsht\u00eb mbledhur p\u00ebr t\u2019I z\u00ebvend\u00ebsuar. Afati q\u00eb kandidat\u00ebt pasues kan\u00eb pasur p\u00ebr t\u00eb paraqitur formularin e dekriminalizimit n\u00eb KQZ ka q\u00ebn\u00eb 10 ditor, por nuk \u00ebsht\u00eb respektuar nga kandidat\u00ebt, gj\u00eb q\u00eb e b\u00ebn KQZ-n\u00eb t\u00eb shpall\u00eb moszgjedhshm\u00ebrin\u00eb e k\u00ebtyre kandidat\u00ebve dhe t\u00eb vijoj\u00eb me t\u00eb tjer\u00eb n\u00eb list\u00eb.<\/p>\n<p>T\u00eb skualifikuar nga gara jan\u00eb: Taulant Zeneli, Sindi Daiu, Erisa Xhixho, Nada Krypa, Elizabeta Kurti, Denisa Vata, Dritan Hylli, Mirela Dragoni Tabaku, Matilda Qurku, Gerti Bogdani, Barbara Doda, Ina Haxhija, Sokol Dervishaj, Arben Ristani, Klevis Balliu, Flamur Noka.<\/p>\n<p>&nbsp;<\/p>\n<h2><\/h2>\n<p>&nbsp;<\/p>\n","protected":false},"excerpt":{"rendered":"<p>Alban Zeneli nga lista e Partis\u00eb Demokratike \u00ebsht\u00eb zgjedhur sot nga KQZ-ja p\u00ebr t\u00eb z\u00ebvend\u00ebsuar Flamur Nok\u00ebn si deputet n\u00eb Qarkun e Kuk\u00ebsit. Pak dit\u00eb m\u00eb par\u00eb Zeneli dor\u00ebzoi formularin e dekriminalizimit n\u00eb KQZ duke shprehur vullnetin p\u00ebr t\u00eb pranuar mandatin e deputetit. KQZ-ja diskutoi mbi rastin e Alban Zenelit pasi renditej tek ata kandidat\u00eb [&hellip;]<\/p>\n","protected":false},"author":2013,"featured_media":73536,"comment_status":"open","ping_status":"closed","sticky":false,"template":"","format":"standard","meta":{"footnotes":""},"categories":[241,235],"tags":[],"class_list":{"0":"post-73535","1":"post","2":"type-post","3":"status-publish","4":"format-standard","5":"has-post-thumbnail","7":"category-aktualitet","8":"category-vendi"},"_links":{"self":[{"href":"https:\/\/zjarr.tv\/sq\/wp-json\/wp\/v2\/posts\/73535","targetHints":{"allow":["GET"]}}],"collection":[{"href":"https:\/\/zjarr.tv\/sq\/wp-json\/wp\/v2\/posts"}],"about":[{"href":"https:\/\/zjarr.tv\/sq\/wp-json\/wp\/v2\/types\/post"}],"author":[{"embeddable":true,"href":"https:\/\/zjarr.tv\/sq\/wp-json\/wp\/v2\/users\/2013"}],"replies":[{"embeddable":true,"href":"https:\/\/zjarr.tv\/sq\/wp-json\/wp\/v2\/comments?post=73535"}],"version-history":[{"count":0,"href":"https:\/\/zjarr.tv\/sq\/wp-json\/wp\/v2\/posts\/73535\/revisions"}],"wp:featuredmedia":[{"embeddable":true,"href":"https:\/\/zjarr.tv\/sq\/wp-json\/wp\/v2\/media\/73536"}],"wp:attachment":[{"href":"https:\/\/zjarr.tv\/sq\/wp-json\/wp\/v2\/media?parent=73535"}],"wp:term":[{"taxonomy":"category","embeddable":true,"href":"https:\/\/zjarr.tv\/sq\/wp-json\/wp\/v2\/categories?post=73535"},{"taxonomy":"post_tag","embeddable":true,"href":"https:\/\/zjarr.tv\/sq\/wp-json\/wp\/v2\/tags?post=73535"}],"curies":[{"name":"wp","href":"https:\/\/api.w.org\/{rel}","templated":true}]}}