{"id":73538,"date":"2019-03-12T15:02:55","date_gmt":"2019-03-12T14:02:55","guid":{"rendered":"https:\/\/zjarr.tv\/?p=73538"},"modified":"2019-03-12T15:02:55","modified_gmt":"2019-03-12T14:02:55","slug":"rritja-e-cmimit-te-ujit-regon-peleshi-nuk-rritet-nese-ka-eficence","status":"publish","type":"post","link":"https:\/\/zjarr.tv\/sq\/rritja-e-cmimit-te-ujit-regon-peleshi-nuk-rritet-nese-ka-eficence\/","title":{"rendered":"Rritja e \u00e7mimit t\u00eb ujit, regon Peleshi:  Nuk rritet n\u00ebse ka efi\u00e7enc\u00eb"},"content":{"rendered":"<p><em>Rritja e \u00e7mimit t\u00eb ujit nuk do t\u00eb b\u00ebhet n\u00ebse keq menaxhohen fondet e UKT. Niko Peleshi kryetari i Komisionit t\u00eb Veprimtaris\u00eb prodhuese njoftoi se rritja e tarifave mund t\u00eb jet\u00eb e nevojshme, por jo kur ka eficenc\u00eb.<\/em><\/p>\n<p>11 bashki n\u00eb vend duan t\u00eb rrisin \u00e7mimin e ujit, por k\u00ebrkesa e tyre nuk do t\u00eb pranohet n\u00ebse ky propozim vjen si pasoj\u00eb e keq menaxhimit t\u00eb uj\u00ebsjell\u00ebsave. N\u00eb mbledhjen e Komisionit t\u00eb Veprimtaris\u00eb Prodhuese, kryetari Niko Peleshi i tha Entit Rregullator se nuk duhet \u00a0b\u00ebr\u00eb rritja e tarifave n\u00ebp\u00ebrmjet eficens\u00ebs.<\/p>\n<p>Gjat\u00eb raportimit n\u00eb komision, Enti Rregullator i Ujit b\u00ebri me dije se shum\u00eb shoq\u00ebri uj\u00ebsjell\u00ebs kanalizime jan\u00eb debitor\u00eb ndaj OSHEE, duke pasur detyrime t\u00eb prapambetura.<\/p>\n<p>N\u00eb vitin 2018 Enti Rregullator i Ujit ka mbledhur rreth 80 milion\u00eb lek\u00eb t\u00eb ardhura, nga 45 milion\u00eb t\u00eb planifikuara si pasoj\u00eb e debive konsumatore. N\u00eb po k\u00ebt\u00eb vit, jan\u00eb grumbulluar 39 ankesa kryesisht p\u00ebr faturimin afrofe, 10 prej t\u00eb cilave kan\u00eb p\u00ebrfunduar me zgjidhje n\u00eb favor t\u00eb konsumator\u00ebve.<\/p>\n<p>&nbsp;<\/p>\n","protected":false},"excerpt":{"rendered":"<p>Rritja e \u00e7mimit t\u00eb ujit nuk do t\u00eb b\u00ebhet n\u00ebse keq menaxhohen fondet e UKT. Niko Peleshi kryetari i Komisionit t\u00eb Veprimtaris\u00eb prodhuese njoftoi se rritja e tarifave mund t\u00eb jet\u00eb e nevojshme, por jo kur ka eficenc\u00eb. 11 bashki n\u00eb vend duan t\u00eb rrisin \u00e7mimin e ujit, por k\u00ebrkesa e tyre nuk do t\u00eb [&hellip;]<\/p>\n","protected":false},"author":2013,"featured_media":0,"comment_status":"open","ping_status":"closed","sticky":false,"template":"","format":"standard","meta":{"footnotes":""},"categories":[241,235],"tags":[],"class_list":{"0":"post-73538","1":"post","2":"type-post","3":"status-publish","4":"format-standard","6":"category-aktualitet","7":"category-vendi"},"_links":{"self":[{"href":"https:\/\/zjarr.tv\/sq\/wp-json\/wp\/v2\/posts\/73538","targetHints":{"allow":["GET"]}}],"collection":[{"href":"https:\/\/zjarr.tv\/sq\/wp-json\/wp\/v2\/posts"}],"about":[{"href":"https:\/\/zjarr.tv\/sq\/wp-json\/wp\/v2\/types\/post"}],"author":[{"embeddable":true,"href":"https:\/\/zjarr.tv\/sq\/wp-json\/wp\/v2\/users\/2013"}],"replies":[{"embeddable":true,"href":"https:\/\/zjarr.tv\/sq\/wp-json\/wp\/v2\/comments?post=73538"}],"version-history":[{"count":0,"href":"https:\/\/zjarr.tv\/sq\/wp-json\/wp\/v2\/posts\/73538\/revisions"}],"wp:attachment":[{"href":"https:\/\/zjarr.tv\/sq\/wp-json\/wp\/v2\/media?parent=73538"}],"wp:term":[{"taxonomy":"category","embeddable":true,"href":"https:\/\/zjarr.tv\/sq\/wp-json\/wp\/v2\/categories?post=73538"},{"taxonomy":"post_tag","embeddable":true,"href":"https:\/\/zjarr.tv\/sq\/wp-json\/wp\/v2\/tags?post=73538"}],"curies":[{"name":"wp","href":"https:\/\/api.w.org\/{rel}","templated":true}]}}