{"id":73543,"date":"2019-03-12T15:09:23","date_gmt":"2019-03-12T14:09:23","guid":{"rendered":"https:\/\/zjarr.tv\/?p=73543"},"modified":"2019-03-12T15:09:23","modified_gmt":"2019-03-12T14:09:23","slug":"meta-nga-mirdita-arsimi-profesional-te-shtrihet-ne-gjithe-vendin","status":"publish","type":"post","link":"https:\/\/zjarr.tv\/sq\/meta-nga-mirdita-arsimi-profesional-te-shtrihet-ne-gjithe-vendin\/","title":{"rendered":"Meta nga Mirdita: Arsimi profesional t\u00eb shtrihet n\u00eb gjith\u00eb vendin"},"content":{"rendered":"<p>Presidenti Ilir Meta ishte sot n\u00eb Mirdit\u00eb. Kreu i shtetit q\u00ebndroi n\u00eb Shkoll\u00ebn Mesme Profesionale \u201cSh\u00ebn Jozefi Pun\u00ebtor\u201d dhe prej aty theksoi se arsimi profesional p\u00ebr t\u00eb rinjt\u00eb dhe t\u00eb rejat \u00ebsht\u00eb shum\u00eb i r\u00ebnd\u00ebsish\u00ebm dhe shtrirja e tij nuk duhet t\u00eb ndalet p\u00ebr asnj\u00eb moment nga jugu ne veri t\u00eb vendit. Gjithashtu Meta fal\u00ebnderoi Kish\u00ebn Katolike dhe et\u00ebrit Somask\u00eb, t\u00eb cil\u00ebt jan\u00eb nj\u00ebher\u00ebsh administruesit e k\u00ebsaj shkolle, e cila synon q\u00eb t\u00eb nxjerr\u00eb kuad\u00ebr n\u00eb fush\u00ebn profesionale me q\u00ebllim p\u00ebr t\u2019i sh\u00ebrbyer nevojave t\u00eb tregut.<br \/>\n\u201cI impresionuar nga vizita q\u00eb zhvillova sot s\u00eb bashku me Nuncin Apostolik Imzot Charles John Bro\u00ebn, n\u00eb Shkoll\u00ebn e Mesme Profesionale \u201cSh\u00ebn Jozefi Pun\u00ebtor\u201d n\u00eb Mirdit\u00eb, nj\u00eb struktur\u00eb model arsimore, me ambiente, infrastruktur\u00eb dhe laborator\u00eb modern\u00eb, ku studiojn\u00eb e kualifikohen qindra t\u00eb rinj. Fal\u00ebnderoj Kish\u00ebn Katolike dhe et\u00ebrit Somask\u00eb, q\u00eb me p\u00ebrkushtim t\u00eb jasht\u00ebzakonsh\u00ebm kujdesen p\u00ebr administrimin e k\u00ebsaj shkolle. Arsimi profesional \u00ebsht\u00eb tejet i r\u00ebnd\u00ebsish\u00ebm, ndaj zhvillimi e shtrirja e tij duhet t\u00eb jet\u00eb p\u00ebrpar\u00ebsi reale n\u00eb t\u00eb gjith\u00eb vendin. N\u00eb k\u00ebt\u00eb m\u00ebnyr\u00eb ne i fuqizojm\u00eb t\u00eb rinjt\u00eb dhe i ndihmojm\u00eb t\u00eb integrohen m\u00eb shpejt n\u00eb tregun e pun\u00ebs\u201d, shkruan Meta.<\/p>\n","protected":false},"excerpt":{"rendered":"<p>Presidenti Ilir Meta ishte sot n\u00eb Mirdit\u00eb. Kreu i shtetit q\u00ebndroi n\u00eb Shkoll\u00ebn Mesme Profesionale \u201cSh\u00ebn Jozefi Pun\u00ebtor\u201d dhe prej aty theksoi se arsimi profesional p\u00ebr t\u00eb rinjt\u00eb dhe t\u00eb rejat \u00ebsht\u00eb shum\u00eb i r\u00ebnd\u00ebsish\u00ebm dhe shtrirja e tij nuk duhet t\u00eb ndalet p\u00ebr asnj\u00eb moment nga jugu ne veri t\u00eb vendit. Gjithashtu Meta fal\u00ebnderoi [&hellip;]<\/p>\n","protected":false},"author":2013,"featured_media":0,"comment_status":"open","ping_status":"closed","sticky":false,"template":"","format":"standard","meta":{"footnotes":""},"categories":[241,235],"tags":[],"class_list":{"0":"post-73543","1":"post","2":"type-post","3":"status-publish","4":"format-standard","6":"category-aktualitet","7":"category-vendi"},"_links":{"self":[{"href":"https:\/\/zjarr.tv\/sq\/wp-json\/wp\/v2\/posts\/73543","targetHints":{"allow":["GET"]}}],"collection":[{"href":"https:\/\/zjarr.tv\/sq\/wp-json\/wp\/v2\/posts"}],"about":[{"href":"https:\/\/zjarr.tv\/sq\/wp-json\/wp\/v2\/types\/post"}],"author":[{"embeddable":true,"href":"https:\/\/zjarr.tv\/sq\/wp-json\/wp\/v2\/users\/2013"}],"replies":[{"embeddable":true,"href":"https:\/\/zjarr.tv\/sq\/wp-json\/wp\/v2\/comments?post=73543"}],"version-history":[{"count":0,"href":"https:\/\/zjarr.tv\/sq\/wp-json\/wp\/v2\/posts\/73543\/revisions"}],"wp:attachment":[{"href":"https:\/\/zjarr.tv\/sq\/wp-json\/wp\/v2\/media?parent=73543"}],"wp:term":[{"taxonomy":"category","embeddable":true,"href":"https:\/\/zjarr.tv\/sq\/wp-json\/wp\/v2\/categories?post=73543"},{"taxonomy":"post_tag","embeddable":true,"href":"https:\/\/zjarr.tv\/sq\/wp-json\/wp\/v2\/tags?post=73543"}],"curies":[{"name":"wp","href":"https:\/\/api.w.org\/{rel}","templated":true}]}}