{"id":73546,"date":"2019-03-12T15:23:49","date_gmt":"2019-03-12T14:23:49","guid":{"rendered":"https:\/\/zjarr.tv\/?p=73546"},"modified":"2019-03-12T15:23:49","modified_gmt":"2019-03-12T14:23:49","slug":"ps-pd-dhe-lsi-po-na-kthejne-ne-97","status":"publish","type":"post","link":"https:\/\/zjarr.tv\/sq\/ps-pd-dhe-lsi-po-na-kthejne-ne-97\/","title":{"rendered":"PS: PD dhe LSI po na kthejn\u00eb n\u00eb &#8217;97"},"content":{"rendered":"<p>Partia Socialiste ka mbledhur n\u00eb nj\u00eb tryez\u00eb partita aleate p\u00ebr t\u00eb diskutuar p\u00ebr situat\u00ebn politike, ku opozita ka djegur mandatet.<\/p>\n<p>PS dhe aleat\u00ebt e saj kan\u00eb dal\u00eb me nj\u00eb deklarat\u00eb, duke th\u00ebn\u00eb se vendimi i opozit\u00ebs \u00a0synon t\u00eb d\u00ebmtoj\u00eb r\u00ebnd\u00eb interesat tona komb\u00ebtare dhe strategjike n\u00eb favor t\u00eb interesave t\u00eb ngushta t\u00eb karrier\u00ebs personale dhe llogarive partiake.<\/p>\n<p>26 partit\u00eb e majta thon\u00eb retorika dhe p\u00ebrdorimi i dhun\u00ebs prej PD dhe LSI p\u00ebr q\u00ebllime politike tenton destabilizimin e vendit dhe kaosin shoq\u00ebror, duke e kthyer vendin ne 1997.<\/p>\n<p><strong>Deklarata e PS dhe partive aleate<\/strong><\/p>\n<ol>\n<li>\u00a0 \u00a0 Braktisja nga nj\u00eb grup deputet\u00ebsh t\u00eb PD dhe LSI t\u00eb Kuvendit, t\u00eb tempullit t\u00eb demokracis\u00eb institucionale, synon t\u00eb d\u00ebmtoj\u00eb r\u00ebnd\u00eb interesat tona komb\u00ebtare dhe strategjike n\u00eb favor t\u00eb interesave t\u00eb ngushta t\u00eb karrier\u00ebs personale dhe llogarive partiake.<\/li>\n<li>\u00a0 \u00a0 Retorika dhe p\u00ebrdorimi i dhun\u00ebs prej PD dhe LSI p\u00ebr q\u00ebllime politike tenton destabilizimin e vendit dhe kaosin shoq\u00ebror, duke na kthyer shum\u00eb vjet mbrapa, n\u00eb t\u00eb kaluar\u00ebn me ngjarje t\u00eb r\u00ebnda t\u00eb viteve \u00a0\u201897 e \u201998.<\/li>\n<li>\u00a0 \u00a0 Mb\u00ebshtesim ndryshimet e propozuara t\u00eb Kodit Zgjedhor dhe thellimin e k\u00ebtyre ndryshimeve p\u00ebr t\u00eb garantuar depolitizim t\u00eb plot\u00eb t\u00eb t\u00eb gjith\u00eb Administrat\u00ebs Zgjedhore, pjes\u00ebmarrjen e emigrant\u00ebve n\u00eb proceset zgjedhore dhe p\u00ebrdorimin e teknologjis\u00eb p\u00ebr num\u00ebrimin elektronik t\u00eb votave n\u00eb nj\u00eb projekt pilot qysh n\u00eb zgjedhjet vendore t\u00eb 30 Qershorit.<\/li>\n<li>\u00a0 \u00a0 Angazhohemi p\u00ebr t\u00eb nd\u00ebrtuar nj\u00eb platform\u00eb t\u00eb p\u00ebrbashk\u00ebt \u00a0p\u00ebr nj\u00eb koalicion funksional dhe fitues t\u00eb zgjedhjeve p\u00ebr organet e qeverisjes vendore.<\/li>\n<li>I b\u00ebjm\u00eb thirrje partive politike t\u00eb t\u00eb gjith\u00eb spektrit pluralist n\u00eb vend t\u00eb respektojn\u00eb afatet e regjistrimit n\u00eb KQZ sipas Kodit Zgjedhor.<\/li>\n<\/ol>\n<p>&nbsp;<\/p>\n<p>Partia Socialiste<\/p>\n<p>Partia Social Demokrate<\/p>\n<p>Partia Demokracia Sociale<\/p>\n<p>Aleanca Popullore<\/p>\n<p>Partia Socialiste e Moderuar<\/p>\n<p>Aleanca Demokratike<\/p>\n<p>Partia e Gjelb\u00ebr<\/p>\n<p>Partia e Unitetit Komb\u00ebtar<\/p>\n<p>Partia G99<\/p>\n<p>Aleanca p\u00ebr Demokraci dhe Solidaritet<\/p>\n<p>Partia Ardhm\u00ebria Shqiptare<\/p>\n<p>Partia P\u00ebr Mbrojtjen e t\u00eb Drejtave t\u00eb Emigrant\u00ebve<\/p>\n<p>Partia Socialpun\u00ebtore e Shqip\u00ebris\u00eb<\/p>\n<p>Partia e Reformve Demokratike Shqiptare<\/p>\n<p>Partia e t\u00eb Drejtave t\u00eb Mohuara<\/p>\n<p>Aleanca p\u00ebr Barazi e Drejt\u00ebsi Europiane<\/p>\n<p>Partia e Pun\u00ebs s\u00eb Shqip\u00ebris\u00eb<\/p>\n<p>Partia Komuniste e Shqip\u00ebris\u00eb \u2013 8 N\u00ebntori<\/p>\n<p>Partia Demokratike p\u00ebr Integrim dhe Prosperitet<\/p>\n<p>Partia Kristiandemokrate<\/p>\n<p>Partia L\u00ebvizja Pun\u00ebtore Shqiptare<\/p>\n<p>Minoriteti Etnik Grek p\u00ebr t\u00eb Ardhmen<\/p>\n<p>Partia e \u00c7\u00ebshtjeve Shqiptare<\/p>\n<p>Partia Demokracia e Re Europiane<\/p>\n<p>Partia L\u00ebvizja p\u00ebr Drejt\u00ebsi e Shqiptar\u00ebve<\/p>\n<p>Partia Fronti i Majt\u00eb<\/p>\n<p>&nbsp;<\/p>\n<p>&nbsp;<\/p>\n","protected":false},"excerpt":{"rendered":"<p>Partia Socialiste ka mbledhur n\u00eb nj\u00eb tryez\u00eb partita aleate p\u00ebr t\u00eb diskutuar p\u00ebr situat\u00ebn politike, ku opozita ka djegur mandatet. PS dhe aleat\u00ebt e saj kan\u00eb dal\u00eb me nj\u00eb deklarat\u00eb, duke th\u00ebn\u00eb se vendimi i opozit\u00ebs \u00a0synon t\u00eb d\u00ebmtoj\u00eb r\u00ebnd\u00eb interesat tona komb\u00ebtare dhe strategjike n\u00eb favor t\u00eb interesave t\u00eb ngushta t\u00eb karrier\u00ebs personale dhe [&hellip;]<\/p>\n","protected":false},"author":2013,"featured_media":70812,"comment_status":"open","ping_status":"closed","sticky":false,"template":"","format":"standard","meta":{"footnotes":""},"categories":[241,235],"tags":[],"class_list":{"0":"post-73546","1":"post","2":"type-post","3":"status-publish","4":"format-standard","5":"has-post-thumbnail","7":"category-aktualitet","8":"category-vendi"},"_links":{"self":[{"href":"https:\/\/zjarr.tv\/sq\/wp-json\/wp\/v2\/posts\/73546","targetHints":{"allow":["GET"]}}],"collection":[{"href":"https:\/\/zjarr.tv\/sq\/wp-json\/wp\/v2\/posts"}],"about":[{"href":"https:\/\/zjarr.tv\/sq\/wp-json\/wp\/v2\/types\/post"}],"author":[{"embeddable":true,"href":"https:\/\/zjarr.tv\/sq\/wp-json\/wp\/v2\/users\/2013"}],"replies":[{"embeddable":true,"href":"https:\/\/zjarr.tv\/sq\/wp-json\/wp\/v2\/comments?post=73546"}],"version-history":[{"count":0,"href":"https:\/\/zjarr.tv\/sq\/wp-json\/wp\/v2\/posts\/73546\/revisions"}],"wp:featuredmedia":[{"embeddable":true,"href":"https:\/\/zjarr.tv\/sq\/wp-json\/wp\/v2\/media\/70812"}],"wp:attachment":[{"href":"https:\/\/zjarr.tv\/sq\/wp-json\/wp\/v2\/media?parent=73546"}],"wp:term":[{"taxonomy":"category","embeddable":true,"href":"https:\/\/zjarr.tv\/sq\/wp-json\/wp\/v2\/categories?post=73546"},{"taxonomy":"post_tag","embeddable":true,"href":"https:\/\/zjarr.tv\/sq\/wp-json\/wp\/v2\/tags?post=73546"}],"curies":[{"name":"wp","href":"https:\/\/api.w.org\/{rel}","templated":true}]}}