{"id":73556,"date":"2019-03-12T15:54:46","date_gmt":"2019-03-12T14:54:46","guid":{"rendered":"https:\/\/zjarr.tv\/?p=73556"},"modified":"2019-03-12T15:54:46","modified_gmt":"2019-03-12T14:54:46","slug":"haradinaj-keshilltaret-e-merkel-kerkuan-heqjen-e-takses","status":"publish","type":"post","link":"https:\/\/zjarr.tv\/sq\/haradinaj-keshilltaret-e-merkel-kerkuan-heqjen-e-takses\/","title":{"rendered":"Haradinaj: K\u00ebshilltar\u00ebt e Merkel k\u00ebrkuan heqjen e taks\u00ebs"},"content":{"rendered":"<p>Kryeministri Ramush Haradinaj ka komentuar s\u00ebrish sot takimin q\u00eb pati dje me dy k\u00ebshilltar\u00ebt e kancerales gjermane, Angela Merkel. Haradinaj, tha se t\u00eb dy k\u00ebshilltar\u00ebt i kan\u00eb k\u00ebrkuar heqjen e taks\u00ebs. Haradinaj shtoi se kjo k\u00ebrkes\u00eb nga dy k\u00ebshilltar\u00ebt ishte argumentuar si di\u00e7ka q\u00eb krijon probleme me dialogun.\u00a0 \u201cNuk \u00ebsht\u00eb mesjeta q\u00eb gj\u00ebrat t\u00eb b\u00ebhen me k\u00ebrc\u00ebnime me pasoja. N\u00ebse Serbia. Bashk\u00ebsia nd\u00ebrkomb\u00ebtare nuk po mudnet me e bind\u00eb Serbin\u00eb n\u00eb dialog, at\u00ebher\u00eb po i b\u00ebn presion viktim\u00ebs, pra Kosov\u00ebs\u201d, \u00ebsht\u00eb shprehur Haradinaj.<\/p>\n<p>&nbsp;<\/p>\n","protected":false},"excerpt":{"rendered":"<p>Kryeministri Ramush Haradinaj ka komentuar s\u00ebrish sot takimin q\u00eb pati dje me dy k\u00ebshilltar\u00ebt e kancerales gjermane, Angela Merkel. Haradinaj, tha se t\u00eb dy k\u00ebshilltar\u00ebt i kan\u00eb k\u00ebrkuar heqjen e taks\u00ebs. Haradinaj shtoi se kjo k\u00ebrkes\u00eb nga dy k\u00ebshilltar\u00ebt ishte argumentuar si di\u00e7ka q\u00eb krijon probleme me dialogun.\u00a0 \u201cNuk \u00ebsht\u00eb mesjeta q\u00eb gj\u00ebrat t\u00eb b\u00ebhen [&hellip;]<\/p>\n","protected":false},"author":2013,"featured_media":67375,"comment_status":"open","ping_status":"closed","sticky":false,"template":"","format":"standard","meta":{"footnotes":""},"categories":[241,2],"tags":[],"class_list":{"0":"post-73556","1":"post","2":"type-post","3":"status-publish","4":"format-standard","5":"has-post-thumbnail","7":"category-aktualitet","8":"category-rajoni"},"_links":{"self":[{"href":"https:\/\/zjarr.tv\/sq\/wp-json\/wp\/v2\/posts\/73556","targetHints":{"allow":["GET"]}}],"collection":[{"href":"https:\/\/zjarr.tv\/sq\/wp-json\/wp\/v2\/posts"}],"about":[{"href":"https:\/\/zjarr.tv\/sq\/wp-json\/wp\/v2\/types\/post"}],"author":[{"embeddable":true,"href":"https:\/\/zjarr.tv\/sq\/wp-json\/wp\/v2\/users\/2013"}],"replies":[{"embeddable":true,"href":"https:\/\/zjarr.tv\/sq\/wp-json\/wp\/v2\/comments?post=73556"}],"version-history":[{"count":0,"href":"https:\/\/zjarr.tv\/sq\/wp-json\/wp\/v2\/posts\/73556\/revisions"}],"wp:featuredmedia":[{"embeddable":true,"href":"https:\/\/zjarr.tv\/sq\/wp-json\/wp\/v2\/media\/67375"}],"wp:attachment":[{"href":"https:\/\/zjarr.tv\/sq\/wp-json\/wp\/v2\/media?parent=73556"}],"wp:term":[{"taxonomy":"category","embeddable":true,"href":"https:\/\/zjarr.tv\/sq\/wp-json\/wp\/v2\/categories?post=73556"},{"taxonomy":"post_tag","embeddable":true,"href":"https:\/\/zjarr.tv\/sq\/wp-json\/wp\/v2\/tags?post=73556"}],"curies":[{"name":"wp","href":"https:\/\/api.w.org\/{rel}","templated":true}]}}