{"id":73559,"date":"2019-03-12T16:03:46","date_gmt":"2019-03-12T15:03:46","guid":{"rendered":"https:\/\/zjarr.tv\/?p=73559"},"modified":"2019-03-12T16:03:46","modified_gmt":"2019-03-12T15:03:46","slug":"rama-mbledh-neser-ne-elbasan-ministrat-dhe-kryesine","status":"publish","type":"post","link":"https:\/\/zjarr.tv\/sq\/rama-mbledh-neser-ne-elbasan-ministrat-dhe-kryesine\/","title":{"rendered":"Rama mbledh nes\u00ebr n\u00eb Elbasan, ministrat dhe Kryesin\u00eb"},"content":{"rendered":"<p>Kryeministri Edi Rama do t\u00eb mbledh nes\u00ebr n\u00eb mbr\u00ebmje ministrat e kabinetin qeveris\u00ebs dhe Kryesin\u00eb e Partis\u00eb Socialiste.<\/p>\n<p>Kjo mbledhje vjen nd\u00ebrkoh\u00eb q\u00eb paraditen e nes\u00ebrme, do t\u00eb mblidhet seanca e radh\u00ebs parlamentare.<\/p>\n<p>M\u00ebsohet se Rama do t\u00eb mbledh\u00eb n\u00eb dark\u00eb pune Kryesin\u00eb dhe ministrat, dark\u00eb e cila do t\u00eb nis\u00eb n\u00eb or\u00ebn 18.30 n\u00eb Elbasan.<\/p>\n<p>N\u00eb fokus t\u00eb saj do t\u00eb jet\u00eb situata politike, pas djegies s\u00eb mandateve nga opozita dhe val\u00ebs s\u00eb protestave q\u00eb e pasuan.<\/p>\n<p>Nd\u00ebrkoh\u00eb pritet t\u00eb diskutohet edhe p\u00ebr zgjedhjet lokale t\u00eb 30 qershorit, p\u00ebr t\u00eb cilat deri m\u00eb tani opozita nuk \u00ebsht\u00eb shprehur n\u00ebse do t\u00eb marr\u00eb pjes\u00eb.<\/p>\n","protected":false},"excerpt":{"rendered":"<p>Kryeministri Edi Rama do t\u00eb mbledh nes\u00ebr n\u00eb mbr\u00ebmje ministrat e kabinetin qeveris\u00ebs dhe Kryesin\u00eb e Partis\u00eb Socialiste. Kjo mbledhje vjen nd\u00ebrkoh\u00eb q\u00eb paraditen e nes\u00ebrme, do t\u00eb mblidhet seanca e radh\u00ebs parlamentare. M\u00ebsohet se Rama do t\u00eb mbledh\u00eb n\u00eb dark\u00eb pune Kryesin\u00eb dhe ministrat, dark\u00eb e cila do t\u00eb nis\u00eb n\u00eb or\u00ebn 18.30 n\u00eb [&hellip;]<\/p>\n","protected":false},"author":4,"featured_media":0,"comment_status":"open","ping_status":"closed","sticky":false,"template":"","format":"standard","meta":{"footnotes":""},"categories":[241,231,235],"tags":[],"class_list":{"0":"post-73559","1":"post","2":"type-post","3":"status-publish","4":"format-standard","6":"category-aktualitet","7":"category-lajme","8":"category-vendi"},"_links":{"self":[{"href":"https:\/\/zjarr.tv\/sq\/wp-json\/wp\/v2\/posts\/73559","targetHints":{"allow":["GET"]}}],"collection":[{"href":"https:\/\/zjarr.tv\/sq\/wp-json\/wp\/v2\/posts"}],"about":[{"href":"https:\/\/zjarr.tv\/sq\/wp-json\/wp\/v2\/types\/post"}],"author":[{"embeddable":true,"href":"https:\/\/zjarr.tv\/sq\/wp-json\/wp\/v2\/users\/4"}],"replies":[{"embeddable":true,"href":"https:\/\/zjarr.tv\/sq\/wp-json\/wp\/v2\/comments?post=73559"}],"version-history":[{"count":0,"href":"https:\/\/zjarr.tv\/sq\/wp-json\/wp\/v2\/posts\/73559\/revisions"}],"wp:attachment":[{"href":"https:\/\/zjarr.tv\/sq\/wp-json\/wp\/v2\/media?parent=73559"}],"wp:term":[{"taxonomy":"category","embeddable":true,"href":"https:\/\/zjarr.tv\/sq\/wp-json\/wp\/v2\/categories?post=73559"},{"taxonomy":"post_tag","embeddable":true,"href":"https:\/\/zjarr.tv\/sq\/wp-json\/wp\/v2\/tags?post=73559"}],"curies":[{"name":"wp","href":"https:\/\/api.w.org\/{rel}","templated":true}]}}