{"id":73564,"date":"2019-03-12T16:07:13","date_gmt":"2019-03-12T15:07:13","guid":{"rendered":"https:\/\/zjarr.tv\/?p=73564"},"modified":"2019-03-12T16:07:13","modified_gmt":"2019-03-12T15:07:13","slug":"ps-zgjon-nga-gjumi-partite-e-vogla-ofron-numerim-elektronik-ne-zgjedhjet-e-30-qershorit","status":"publish","type":"post","link":"https:\/\/zjarr.tv\/sq\/ps-zgjon-nga-gjumi-partite-e-vogla-ofron-numerim-elektronik-ne-zgjedhjet-e-30-qershorit\/","title":{"rendered":"PS zgjon nga gjumi partit\u00eb e vogla, ofron num\u00ebrim elektronik n\u00eb zgjedhjet e 30 qershorit"},"content":{"rendered":"<p>Partia Socialiste ka thirrur sot n\u00eb nj\u00eb takim, partit\u00eb e vogla q\u00eb kan\u00eb qen\u00eb pran\u00eb saj n\u00eb vitin 2013 kur ajo hyri n\u00eb zgjedhje me koalicion, por q\u00eb i flaku m\u00eb pas tutje n\u00eb zgjedhjet e vitit 2017 kur doli e vetme.<\/p>\n<p>PS thirri n\u00eb k\u00ebt\u00eb tryez\u00eb konsultimi, t\u00eb gjitha partit\u00eb q\u00eb de facto kan\u00eb elektoral n\u00eb nivelin e zeros, megjithat\u00eb ato shpalosin de jure nj\u00eb pamje pluraliste t\u00eb politik\u00ebs n\u00eb Shqip\u00ebri.<\/p>\n<p>Kjo evidentohet dhe n\u00eb deklarat\u00ebn q\u00eb PS publikoi pas k\u00ebtij takimi, ku i b\u00ebhet thirrje partive politike t\u00eb t\u00eb gjith\u00eb spektrit pluralist n\u00eb vend t\u00eb respektojn\u00eb afatet e regjistrimit n\u00eb KQZ sipas Kodit Zgjedhor.<\/p>\n<p>PS thot\u00eb se bashk\u00eb me partit\u00eb e vogla, analizoi situat\u00ebn politike n\u00eb vend, \u201cduke gjykuar braktisjen e Kuvendit t\u00eb Shqip\u00ebris\u00eb nga nj\u00eb pjes\u00eb e deputet\u00ebve t\u00eb PD dhe LSI, duke konsideruar reagimin dhe mb\u00ebshtetjen e komunitetit nd\u00ebrkomb\u00ebtar, duke inkurajuar pa rezerva hapjen e negociatave p\u00ebr an\u00ebtar\u00ebsim t\u00eb Shqip\u00ebris\u00eb n\u00eb BE, duke mb\u00ebshtetur me t\u00eb gjitha energjit\u00eb funksionalitetin e shtetit dhe normalitetin shoq\u00ebror, duke k\u00ebmb\u00ebngulur p\u00ebr zbatimin e Reform\u00ebs n\u00eb Drejt\u00ebsi, sundimin e ligjit dhe luft\u00ebn kund\u00ebr korrupsionit\u201d.<\/p>\n<p>N\u00eb k\u00ebt\u00eb pik\u00eb, duke theksuar r\u00ebnd\u00ebsin\u00eb politike t\u00eb zgjedhjeve vendore t\u00eb 30 Qershorit t\u00eb k\u00ebtij viti, PS dhe partit\u00eb satelite, deklaruan si m\u00eb posht\u00eb:<\/p>\n<p>1.Braktisja nga nj\u00eb grup deputet\u00ebsh t\u00eb PD dhe LSI t\u00eb Kuvendit, t\u00eb tempullit t\u00eb demokracis\u00eb institucionale, synon t\u00eb d\u00ebmtoj\u00eb r\u00ebnd\u00eb interesat tona komb\u00ebtare dhe strategjike n\u00eb favor t\u00eb interesave t\u00eb ngushta t\u00eb karrier\u00ebs personale dhe llogarive partiake.<\/p>\n<p>2.Retorika dhe p\u00ebrdorimi i dhun\u00ebs prej PD dhe LSI p\u00ebr q\u00ebllime politike tenton destabilizimin e vendit dhe kaosin shoq\u00ebror, duke na kthyer shum\u00eb vjet mbrapa, n\u00eb t\u00eb kaluar\u00ebn me ngjarje t\u00eb r\u00ebnda t\u00eb viteve \u201897 e \u201998.<\/p>\n<p>3.Mb\u00ebshtesim ndryshimet e propozuara t\u00eb Kodit Zgjedhor dhe thellimin e k\u00ebtyre ndryshimeve p\u00ebr t\u00eb garantuar depolitizim t\u00eb plot\u00eb t\u00eb t\u00eb gjith\u00eb Administrat\u00ebs Zgjedhore, pjes\u00ebmarrjen e emigrant\u00ebve n\u00eb proceset zgjedhore dhe p\u00ebrdorimin e teknologjis\u00eb p\u00ebr num\u00ebrimin elektronik t\u00eb votave n\u00eb nj\u00eb projekt pilot qysh n\u00eb zgjedhjet vendore t\u00eb 30 Qershorit.<\/p>\n<p>4.Angazhohemi p\u00ebr t\u00eb nd\u00ebrtuar nj\u00eb platform\u00eb t\u00eb p\u00ebrbashk\u00ebt p\u00ebr nj\u00eb koalicion funksional dhe fitues t\u00eb zgjedhjeve p\u00ebr organet e qeverisjes vendore.<\/p>\n<p>5.I b\u00ebjm\u00eb thirrje partive politike t\u00eb t\u00eb gjith\u00eb spektrit pluralist n\u00eb vend t\u00eb respektojn\u00eb afatet e regjistrimit n\u00eb KQZ sipas Kodit Zgjedhor.<\/p>\n","protected":false},"excerpt":{"rendered":"<p>Partia Socialiste ka thirrur sot n\u00eb nj\u00eb takim, partit\u00eb e vogla q\u00eb kan\u00eb qen\u00eb pran\u00eb saj n\u00eb vitin 2013 kur ajo hyri n\u00eb zgjedhje me koalicion, por q\u00eb i flaku m\u00eb pas tutje n\u00eb zgjedhjet e vitit 2017 kur doli e vetme. PS thirri n\u00eb k\u00ebt\u00eb tryez\u00eb konsultimi, t\u00eb gjitha partit\u00eb q\u00eb de facto kan\u00eb [&hellip;]<\/p>\n","protected":false},"author":4,"featured_media":73565,"comment_status":"open","ping_status":"closed","sticky":false,"template":"","format":"standard","meta":{"footnotes":""},"categories":[241,231,235],"tags":[],"class_list":{"0":"post-73564","1":"post","2":"type-post","3":"status-publish","4":"format-standard","5":"has-post-thumbnail","7":"category-aktualitet","8":"category-lajme","9":"category-vendi"},"_links":{"self":[{"href":"https:\/\/zjarr.tv\/sq\/wp-json\/wp\/v2\/posts\/73564","targetHints":{"allow":["GET"]}}],"collection":[{"href":"https:\/\/zjarr.tv\/sq\/wp-json\/wp\/v2\/posts"}],"about":[{"href":"https:\/\/zjarr.tv\/sq\/wp-json\/wp\/v2\/types\/post"}],"author":[{"embeddable":true,"href":"https:\/\/zjarr.tv\/sq\/wp-json\/wp\/v2\/users\/4"}],"replies":[{"embeddable":true,"href":"https:\/\/zjarr.tv\/sq\/wp-json\/wp\/v2\/comments?post=73564"}],"version-history":[{"count":0,"href":"https:\/\/zjarr.tv\/sq\/wp-json\/wp\/v2\/posts\/73564\/revisions"}],"wp:featuredmedia":[{"embeddable":true,"href":"https:\/\/zjarr.tv\/sq\/wp-json\/wp\/v2\/media\/73565"}],"wp:attachment":[{"href":"https:\/\/zjarr.tv\/sq\/wp-json\/wp\/v2\/media?parent=73564"}],"wp:term":[{"taxonomy":"category","embeddable":true,"href":"https:\/\/zjarr.tv\/sq\/wp-json\/wp\/v2\/categories?post=73564"},{"taxonomy":"post_tag","embeddable":true,"href":"https:\/\/zjarr.tv\/sq\/wp-json\/wp\/v2\/tags?post=73564"}],"curies":[{"name":"wp","href":"https:\/\/api.w.org\/{rel}","templated":true}]}}