{"id":73590,"date":"2019-03-12T17:20:39","date_gmt":"2019-03-12T16:20:39","guid":{"rendered":"https:\/\/zjarr.tv\/?p=73590"},"modified":"2019-03-12T17:20:39","modified_gmt":"2019-03-12T16:20:39","slug":"inter-per-derbin-kthehen-dy-lojtare-titullare","status":"publish","type":"post","link":"https:\/\/zjarr.tv\/sq\/inter-per-derbin-kthehen-dy-lojtare-titullare\/","title":{"rendered":"Inter, p\u00ebr derbin kthehen dy lojtar\u00eb titullar\u00eb"},"content":{"rendered":"<p>M\u00eb n\u00eb fund lajme t\u00eb mira p\u00ebr Interin dhe trajnerin Luciano Spalletti, i cili luan k\u00ebt\u00eb jav\u00eb dy ndeshjet m\u00eb t\u00eb r\u00ebnd\u00ebsishme t\u00eb sezonit, t\u00eb enjten kund\u00ebr Eintracht Frankfurt n\u00eb Lig\u00ebn e Europ\u00ebs dhe t\u00eb diel\u00ebn derbin kund\u00ebr Milanit. N\u00eb prag t\u00eb k\u00ebtyre dy sfidave dhe me nj\u00eb skuad\u00ebr t\u00eb p\u00ebrgjysmuar nga mungesat, n\u00eb klubin zikalt\u00ebr shtohet optimizmi p\u00ebr rikuperimin e dy lojtar\u00ebve shum\u00eb t\u00eb r\u00ebnd\u00ebsish\u00ebm, Marcelo Brozovic dhe Joao Miranda. Si mesfushori ashtu edhe mbrojt\u00ebsi dol\u00ebn t\u00eb d\u00ebmtuar nga ndeshjet e fundit, por testet mjek\u00ebsore japin shpresa se ata mund t\u00eb jen\u00eb gati, t\u00eb pakt\u00ebn p\u00ebr sfid\u00ebn e r\u00ebnd\u00ebsishme n\u00eb misionin Champions kund\u00ebr Milanit. N\u00eb nj\u00eb njoftim t\u00eb publikuar n\u00eb adres\u00ebn zyrtare n\u00eb internet, Interi b\u00ebn t\u00eb ditur se rikuperimi i Brozovic dhe Miranda po shkon sipas parashikimeve dhe se ata pritet t\u00eb bashkohen st\u00ebrvitjes me pjes\u00ebn tjet\u00ebr t\u00eb skuadr\u00ebs. Lajme t\u00eb mira k\u00ebto p\u00ebr trajnerin Spalletti dhe tifoz\u00ebt zikalt\u00ebr, q\u00eb n\u00eb tre dit\u00eb luajn\u00eb t\u00eb gjith\u00eb sezonin. Nd\u00ebrkoh\u00eb, thuajse jan\u00eb shuar shpresat p\u00ebr rikthimin e Mauro Ikardit p\u00ebr d\u00ebrbin e Milanos. Sulmuesi argjentinas vazhdon t\u00eb q\u00ebndroj\u00eb larg skuadr\u00ebs, megjith\u00ebse pal\u00ebt po punojn\u00eb fort p\u00ebr t\u00eb rind\u00ebrtuar raportin e prishur, pas vendimit p\u00ebr t\u2019i hequr atij shiritin e kapitenit.<\/p>\n<p>&nbsp;<\/p>\n","protected":false},"excerpt":{"rendered":"<p>M\u00eb n\u00eb fund lajme t\u00eb mira p\u00ebr Interin dhe trajnerin Luciano Spalletti, i cili luan k\u00ebt\u00eb jav\u00eb dy ndeshjet m\u00eb t\u00eb r\u00ebnd\u00ebsishme t\u00eb sezonit, t\u00eb enjten kund\u00ebr Eintracht Frankfurt n\u00eb Lig\u00ebn e Europ\u00ebs dhe t\u00eb diel\u00ebn derbin kund\u00ebr Milanit. N\u00eb prag t\u00eb k\u00ebtyre dy sfidave dhe me nj\u00eb skuad\u00ebr t\u00eb p\u00ebrgjysmuar nga mungesat, n\u00eb klubin [&hellip;]<\/p>\n","protected":false},"author":2013,"featured_media":0,"comment_status":"open","ping_status":"closed","sticky":false,"template":"","format":"standard","meta":{"footnotes":""},"categories":[241,192],"tags":[],"class_list":{"0":"post-73590","1":"post","2":"type-post","3":"status-publish","4":"format-standard","6":"category-aktualitet","7":"category-sport"},"_links":{"self":[{"href":"https:\/\/zjarr.tv\/sq\/wp-json\/wp\/v2\/posts\/73590","targetHints":{"allow":["GET"]}}],"collection":[{"href":"https:\/\/zjarr.tv\/sq\/wp-json\/wp\/v2\/posts"}],"about":[{"href":"https:\/\/zjarr.tv\/sq\/wp-json\/wp\/v2\/types\/post"}],"author":[{"embeddable":true,"href":"https:\/\/zjarr.tv\/sq\/wp-json\/wp\/v2\/users\/2013"}],"replies":[{"embeddable":true,"href":"https:\/\/zjarr.tv\/sq\/wp-json\/wp\/v2\/comments?post=73590"}],"version-history":[{"count":0,"href":"https:\/\/zjarr.tv\/sq\/wp-json\/wp\/v2\/posts\/73590\/revisions"}],"wp:attachment":[{"href":"https:\/\/zjarr.tv\/sq\/wp-json\/wp\/v2\/media?parent=73590"}],"wp:term":[{"taxonomy":"category","embeddable":true,"href":"https:\/\/zjarr.tv\/sq\/wp-json\/wp\/v2\/categories?post=73590"},{"taxonomy":"post_tag","embeddable":true,"href":"https:\/\/zjarr.tv\/sq\/wp-json\/wp\/v2\/tags?post=73590"}],"curies":[{"name":"wp","href":"https:\/\/api.w.org\/{rel}","templated":true}]}}