{"id":73702,"date":"2019-03-13T16:32:02","date_gmt":"2019-03-13T15:32:02","guid":{"rendered":"https:\/\/zjarr.tv\/?p=73702"},"modified":"2019-03-13T16:32:02","modified_gmt":"2019-03-13T15:32:02","slug":"juncker-le-gafen-e-radhes-pas-nje-deklarate-qe-beri-para-parlamentit-europian","status":"publish","type":"post","link":"https:\/\/zjarr.tv\/sq\/juncker-le-gafen-e-radhes-pas-nje-deklarate-qe-beri-para-parlamentit-europian\/","title":{"rendered":"Juncker l\u00eb gaf\u00ebn e radh\u00ebs pas nj\u00eb deklarate q\u00eb b\u00ebri para Parlamentit Europian"},"content":{"rendered":"<p>Presidenti i Komisionit Evropian Jean-Claude Juncker l\u00eb gaf\u00ebn e radh\u00ebs pas nj\u00eb deklarate q\u00eb b\u00ebri para Parlamentit Europian n\u00eb lidhje me kryeministren britanike, Theresa May. Juncker njihet p\u00ebr veprimet e tij t\u00eb \u201c\u00e7uditshme\u201d por sot ai t\u00ebrhoqi v\u00ebmendjen e t\u00eb gjith\u00ebve kur tha se:<\/p>\n<p>\u201cNuk kam fjetur shum\u00eb nat\u00ebn e fundit p\u00ebr shkak t\u00eb zonj\u00ebs May\u201d.<\/p>\n<p>Duke folur bashk\u00eb me kryeministrin sllovak Peter Pellegrini n\u00eb Parlamentin Evropian k\u00ebt\u00eb m\u00ebngjes, Juncker u tha eurodeputet\u00ebve:<\/p>\n<p>\u201cDo t\u2019ju tregoj nj\u00eb sekret. Nuk kam fjetur shum\u00eb nat\u00ebn e fundit p\u00ebr shkak t\u00eb znj. May, por pata mjaft koh\u00eb p\u00ebr t\u00eb \u00ebnd\u00ebrruar p\u00ebr Sllovakin\u00eb\u201d.<\/p>\n<p>Ai paralajm\u00ebroi se marr\u00ebveshja e tyre, ishte shansi i fundit i deputet\u00ebve \u201cp\u00ebr t\u00eb miratuar nj\u00eb marr\u00ebveshje\u201d dhe tha se nuk do t\u00eb ket\u00eb ndryshime t\u00eb m\u00ebtejshme, nj\u00eb paralajm\u00ebrim i p\u00ebrs\u00ebritur sot.<\/p>\n","protected":false},"excerpt":{"rendered":"<p>Presidenti i Komisionit Evropian Jean-Claude Juncker l\u00eb gaf\u00ebn e radh\u00ebs pas nj\u00eb deklarate q\u00eb b\u00ebri para Parlamentit Europian n\u00eb lidhje me kryeministren britanike, Theresa May. Juncker njihet p\u00ebr veprimet e tij t\u00eb \u201c\u00e7uditshme\u201d por sot ai t\u00ebrhoqi v\u00ebmendjen e t\u00eb gjith\u00ebve kur tha se: \u201cNuk kam fjetur shum\u00eb nat\u00ebn e fundit p\u00ebr shkak t\u00eb zonj\u00ebs [&hellip;]<\/p>\n","protected":false},"author":2013,"featured_media":0,"comment_status":"open","ping_status":"closed","sticky":false,"template":"","format":"standard","meta":{"footnotes":""},"categories":[241,191],"tags":[],"class_list":{"0":"post-73702","1":"post","2":"type-post","3":"status-publish","4":"format-standard","6":"category-aktualitet","7":"category-bota"},"_links":{"self":[{"href":"https:\/\/zjarr.tv\/sq\/wp-json\/wp\/v2\/posts\/73702","targetHints":{"allow":["GET"]}}],"collection":[{"href":"https:\/\/zjarr.tv\/sq\/wp-json\/wp\/v2\/posts"}],"about":[{"href":"https:\/\/zjarr.tv\/sq\/wp-json\/wp\/v2\/types\/post"}],"author":[{"embeddable":true,"href":"https:\/\/zjarr.tv\/sq\/wp-json\/wp\/v2\/users\/2013"}],"replies":[{"embeddable":true,"href":"https:\/\/zjarr.tv\/sq\/wp-json\/wp\/v2\/comments?post=73702"}],"version-history":[{"count":0,"href":"https:\/\/zjarr.tv\/sq\/wp-json\/wp\/v2\/posts\/73702\/revisions"}],"wp:attachment":[{"href":"https:\/\/zjarr.tv\/sq\/wp-json\/wp\/v2\/media?parent=73702"}],"wp:term":[{"taxonomy":"category","embeddable":true,"href":"https:\/\/zjarr.tv\/sq\/wp-json\/wp\/v2\/categories?post=73702"},{"taxonomy":"post_tag","embeddable":true,"href":"https:\/\/zjarr.tv\/sq\/wp-json\/wp\/v2\/tags?post=73702"}],"curies":[{"name":"wp","href":"https:\/\/api.w.org\/{rel}","templated":true}]}}